{"id":40997,"date":"2025-06-09T20:52:43","date_gmt":"2025-06-10T02:52:43","guid":{"rendered":"https:\/\/www.acapulcopress.com\/?p=40997"},"modified":"2025-06-09T20:52:43","modified_gmt":"2025-06-10T02:52:43","slug":"inicia-gobierno-del-estado-programa-bailando-por-ciudad-renacimiento","status":"publish","type":"post","link":"https:\/\/www.acapulcopress.com\/index.php\/2025\/06\/09\/inicia-gobierno-del-estado-programa-bailando-por-ciudad-renacimiento\/","title":{"rendered":"Inicia Gobierno del Estado programa \u00abBailando por Ciudad Renacimiento"},"content":{"rendered":"<p>ACAPULCO * 9 de junio 2025<br \/>\n<em>) Gobierno de Guerrero<\/em><br \/>\n<img loading=\"lazy\" decoding=\"async\" class=\"alignleft wp-image-41011 size-cmsmasters-square-thumb\" src=\"https:\/\/www.acapulcopress.com\/wp-content\/uploads\/2025\/06\/BAILANDO-POR-RENA14-360x360.jpg\" alt=\"\" width=\"360\" height=\"360\" srcset=\"https:\/\/www.acapulcopress.com\/wp-content\/uploads\/2025\/06\/BAILANDO-POR-RENA14-360x360.jpg 360w, https:\/\/www.acapulcopress.com\/wp-content\/uploads\/2025\/06\/BAILANDO-POR-RENA14-150x150.jpg 150w, https:\/\/www.acapulcopress.com\/wp-content\/uploads\/2025\/06\/BAILANDO-POR-RENA14-70x70.jpg 70w\" sizes=\"auto, (max-width: 360px) 100vw, 360px\" \/>Con el objetivo de fomentar la salud, la sana convivencia y la cohesi\u00f3n social en una de las colonias m\u00e1s emblem\u00e1ticas de Acapulco, dio inicio el programa \u201cBailando por Ciudad Renacimiento\u201d, una iniciativa conjunta entre el Gobierno del Estado de Guerrero y el sector empresarial.<\/p>\n<p>Esta iniciativa, que es impulsada por la administraci\u00f3n estatal que encabeza la gobernadora <strong>Evelyn Salgado Pineda<\/strong>, el empresario Fernando Reina Iglesias y respaldada por el DIF Guerrero, la Secretar\u00eda del Bienestar, la Secretar\u00eda de Salud, la Secretar\u00eda de la Juventud y el Instituto del Deporte del Estado de Guerrero, busca ser una estrategia integral para reconstruir el tejido social y promover el desarrollo comunitario a trav\u00e9s del arte y la cultura.<\/p>\n<p>El arranque oficial se realiz\u00f3 este lunes en las instalaciones del <em>Polideportivo CICI Renacimiento,<\/em> donde se reunieron autoridades estatales y familias de la zona. El proyecto contempla la formaci\u00f3n de equipos de baile que, durante 17 semanas, desarrollar\u00e1n coreograf\u00edas para una competencia que premiar\u00e1 la creatividad, el esfuerzo y el trabajo en equipo.<\/p>\n<p>Durante su intervenci\u00f3n, la presidenta del Sistema DIF Guerrero, Liz Salgado Pineda, destac\u00f3 el respaldo de la gobernadora Evelyn Salgado Pineda en este tipo de proyectos que buscan incidir positivamente en la vida de las familias guerrerenses y que, a trav\u00e9s del arte, permiten fortalecer los lazos comunitarios, promover la salud f\u00edsica y emocional, y generar espacios de paz.<\/p>\n<p>Por su parte, el empresario Fernando Reina destac\u00f3 la responsabilidad del sector empresarial de sumarse a los esfuerzos del gobierno en favor del bienestar social, resaltando que las y los empresarios tambi\u00e9n tienen un papel fundamental en el desarrollo de las familias.<\/p>\n<p>Las inscripciones al programa ya est\u00e1n abiertas para habitantes de Ciudad Renacimiento y zonas aleda\u00f1as; la convocatoria est\u00e1 dirigida a personas de todas las edades interesadas en formar parte de esta competencia que, adem\u00e1s de premios y reconocimientos, promete ser una experiencia de comunidad, alegr\u00eda y transformaci\u00f3n.<\/p>\n<div id='gallery-1' class='gallery galleryid-40997 gallery-columns-3 gallery-size-thumbnail'><figure class='gallery-item'>\n\t\t\t<div class='gallery-icon landscape'>\n\t\t\t\t<a href='https:\/\/www.acapulcopress.com\/index.php\/2025\/06\/09\/inicia-gobierno-del-estado-programa-bailando-por-ciudad-renacimiento\/bailando-por-rena\/'><img loading=\"lazy\" decoding=\"async\" width=\"150\" height=\"150\" src=\"https:\/\/www.acapulcopress.com\/wp-content\/uploads\/2025\/06\/BAILANDO-POR-RENA-150x150.jpg\" class=\"attachment-thumbnail size-thumbnail\" alt=\"\" srcset=\"https:\/\/www.acapulcopress.com\/wp-content\/uploads\/2025\/06\/BAILANDO-POR-RENA-150x150.jpg 150w, https:\/\/www.acapulcopress.com\/wp-content\/uploads\/2025\/06\/BAILANDO-POR-RENA-70x70.jpg 70w, https:\/\/www.acapulcopress.com\/wp-content\/uploads\/2025\/06\/BAILANDO-POR-RENA-360x360.jpg 360w\" sizes=\"auto, (max-width: 150px) 100vw, 150px\" \/><\/a>\n\t\t\t<\/div><\/figure><figure class='gallery-item'>\n\t\t\t<div class='gallery-icon landscape'>\n\t\t\t\t<a href='https:\/\/www.acapulcopress.com\/index.php\/2025\/06\/09\/inicia-gobierno-del-estado-programa-bailando-por-ciudad-renacimiento\/bailando-por-rena2\/'><img loading=\"lazy\" decoding=\"async\" width=\"150\" height=\"150\" src=\"https:\/\/www.acapulcopress.com\/wp-content\/uploads\/2025\/06\/BAILANDO-POR-RENA2-150x150.jpg\" class=\"attachment-thumbnail size-thumbnail\" alt=\"\" srcset=\"https:\/\/www.acapulcopress.com\/wp-content\/uploads\/2025\/06\/BAILANDO-POR-RENA2-150x150.jpg 150w, https:\/\/www.acapulcopress.com\/wp-content\/uploads\/2025\/06\/BAILANDO-POR-RENA2-70x70.jpg 70w, https:\/\/www.acapulcopress.com\/wp-content\/uploads\/2025\/06\/BAILANDO-POR-RENA2-360x360.jpg 360w\" sizes=\"auto, (max-width: 150px) 100vw, 150px\" \/><\/a>\n\t\t\t<\/div><\/figure><figure class='gallery-item'>\n\t\t\t<div class='gallery-icon landscape'>\n\t\t\t\t<a href='https:\/\/www.acapulcopress.com\/index.php\/2025\/06\/09\/inicia-gobierno-del-estado-programa-bailando-por-ciudad-renacimiento\/bailando-por-rena8\/'><img loading=\"lazy\" decoding=\"async\" width=\"150\" height=\"150\" src=\"https:\/\/www.acapulcopress.com\/wp-content\/uploads\/2025\/06\/BAILANDO-POR-RENA8-150x150.jpg\" class=\"attachment-thumbnail size-thumbnail\" alt=\"\" srcset=\"https:\/\/www.acapulcopress.com\/wp-content\/uploads\/2025\/06\/BAILANDO-POR-RENA8-150x150.jpg 150w, https:\/\/www.acapulcopress.com\/wp-content\/uploads\/2025\/06\/BAILANDO-POR-RENA8-70x70.jpg 70w, https:\/\/www.acapulcopress.com\/wp-content\/uploads\/2025\/06\/BAILANDO-POR-RENA8-360x360.jpg 360w\" sizes=\"auto, (max-width: 150px) 100vw, 150px\" \/><\/a>\n\t\t\t<\/div><\/figure><figure class='gallery-item'>\n\t\t\t<div class='gallery-icon landscape'>\n\t\t\t\t<a href='https:\/\/www.acapulcopress.com\/index.php\/2025\/06\/09\/inicia-gobierno-del-estado-programa-bailando-por-ciudad-renacimiento\/bailando-por-rena14\/'><img loading=\"lazy\" decoding=\"async\" width=\"150\" height=\"150\" src=\"https:\/\/www.acapulcopress.com\/wp-content\/uploads\/2025\/06\/BAILANDO-POR-RENA14-150x150.jpg\" class=\"attachment-thumbnail size-thumbnail\" alt=\"\" srcset=\"https:\/\/www.acapulcopress.com\/wp-content\/uploads\/2025\/06\/BAILANDO-POR-RENA14-150x150.jpg 150w, https:\/\/www.acapulcopress.com\/wp-content\/uploads\/2025\/06\/BAILANDO-POR-RENA14-70x70.jpg 70w, https:\/\/www.acapulcopress.com\/wp-content\/uploads\/2025\/06\/BAILANDO-POR-RENA14-360x360.jpg 360w\" sizes=\"auto, (max-width: 150px) 100vw, 150px\" \/><\/a>\n\t\t\t<\/div><\/figure><figure class='gallery-item'>\n\t\t\t<div class='gallery-icon landscape'>\n\t\t\t\t<a href='https:\/\/www.acapulcopress.com\/index.php\/2025\/06\/09\/inicia-gobierno-del-estado-programa-bailando-por-ciudad-renacimiento\/bailando-por-rena12\/'><img loading=\"lazy\" decoding=\"async\" width=\"150\" height=\"150\" src=\"https:\/\/www.acapulcopress.com\/wp-content\/uploads\/2025\/06\/BAILANDO-POR-RENA12-150x150.jpg\" class=\"attachment-thumbnail size-thumbnail\" alt=\"\" srcset=\"https:\/\/www.acapulcopress.com\/wp-content\/uploads\/2025\/06\/BAILANDO-POR-RENA12-150x150.jpg 150w, https:\/\/www.acapulcopress.com\/wp-content\/uploads\/2025\/06\/BAILANDO-POR-RENA12-70x70.jpg 70w, https:\/\/www.acapulcopress.com\/wp-content\/uploads\/2025\/06\/BAILANDO-POR-RENA12-360x360.jpg 360w\" sizes=\"auto, (max-width: 150px) 100vw, 150px\" \/><\/a>\n\t\t\t<\/div><\/figure><figure class='gallery-item'>\n\t\t\t<div class='gallery-icon landscape'>\n\t\t\t\t<a href='https:\/\/www.acapulcopress.com\/index.php\/2025\/06\/09\/inicia-gobierno-del-estado-programa-bailando-por-ciudad-renacimiento\/bailando-por-rena13\/'><img loading=\"lazy\" decoding=\"async\" width=\"150\" height=\"150\" src=\"https:\/\/www.acapulcopress.com\/wp-content\/uploads\/2025\/06\/BAILANDO-POR-RENA13-150x150.jpg\" class=\"attachment-thumbnail size-thumbnail\" alt=\"\" srcset=\"https:\/\/www.acapulcopress.com\/wp-content\/uploads\/2025\/06\/BAILANDO-POR-RENA13-150x150.jpg 150w, https:\/\/www.acapulcopress.com\/wp-content\/uploads\/2025\/06\/BAILANDO-POR-RENA13-70x70.jpg 70w, https:\/\/www.acapulcopress.com\/wp-content\/uploads\/2025\/06\/BAILANDO-POR-RENA13-360x360.jpg 360w\" sizes=\"auto, (max-width: 150px) 100vw, 150px\" \/><\/a>\n\t\t\t<\/div><\/figure><figure class='gallery-item'>\n\t\t\t<div class='gallery-icon landscape'>\n\t\t\t\t<a href='https:\/\/www.acapulcopress.com\/index.php\/2025\/06\/09\/inicia-gobierno-del-estado-programa-bailando-por-ciudad-renacimiento\/bailando-por-rena7\/'><img loading=\"lazy\" decoding=\"async\" width=\"150\" height=\"150\" src=\"https:\/\/www.acapulcopress.com\/wp-content\/uploads\/2025\/06\/BAILANDO-POR-RENA7-150x150.jpg\" class=\"attachment-thumbnail size-thumbnail\" alt=\"\" srcset=\"https:\/\/www.acapulcopress.com\/wp-content\/uploads\/2025\/06\/BAILANDO-POR-RENA7-150x150.jpg 150w, https:\/\/www.acapulcopress.com\/wp-content\/uploads\/2025\/06\/BAILANDO-POR-RENA7-70x70.jpg 70w, https:\/\/www.acapulcopress.com\/wp-content\/uploads\/2025\/06\/BAILANDO-POR-RENA7-360x360.jpg 360w\" sizes=\"auto, (max-width: 150px) 100vw, 150px\" \/><\/a>\n\t\t\t<\/div><\/figure><figure class='gallery-item'>\n\t\t\t<div class='gallery-icon landscape'>\n\t\t\t\t<a href='https:\/\/www.acapulcopress.com\/index.php\/2025\/06\/09\/inicia-gobierno-del-estado-programa-bailando-por-ciudad-renacimiento\/bailando-por-rena6\/'><img loading=\"lazy\" decoding=\"async\" width=\"150\" height=\"150\" src=\"https:\/\/www.acapulcopress.com\/wp-content\/uploads\/2025\/06\/BAILANDO-POR-RENA6-150x150.jpg\" class=\"attachment-thumbnail size-thumbnail\" alt=\"\" srcset=\"https:\/\/www.acapulcopress.com\/wp-content\/uploads\/2025\/06\/BAILANDO-POR-RENA6-150x150.jpg 150w, https:\/\/www.acapulcopress.com\/wp-content\/uploads\/2025\/06\/BAILANDO-POR-RENA6-70x70.jpg 70w, https:\/\/www.acapulcopress.com\/wp-content\/uploads\/2025\/06\/BAILANDO-POR-RENA6-360x360.jpg 360w\" sizes=\"auto, (max-width: 150px) 100vw, 150px\" \/><\/a>\n\t\t\t<\/div><\/figure><figure class='gallery-item'>\n\t\t\t<div class='gallery-icon landscape'>\n\t\t\t\t<a href='https:\/\/www.acapulcopress.com\/index.php\/2025\/06\/09\/inicia-gobierno-del-estado-programa-bailando-por-ciudad-renacimiento\/bailando-por-rena5\/'><img loading=\"lazy\" decoding=\"async\" width=\"150\" height=\"150\" src=\"https:\/\/www.acapulcopress.com\/wp-content\/uploads\/2025\/06\/BAILANDO-POR-RENA5-150x150.jpg\" class=\"attachment-thumbnail size-thumbnail\" alt=\"\" srcset=\"https:\/\/www.acapulcopress.com\/wp-content\/uploads\/2025\/06\/BAILANDO-POR-RENA5-150x150.jpg 150w, https:\/\/www.acapulcopress.com\/wp-content\/uploads\/2025\/06\/BAILANDO-POR-RENA5-70x70.jpg 70w, https:\/\/www.acapulcopress.com\/wp-content\/uploads\/2025\/06\/BAILANDO-POR-RENA5-360x360.jpg 360w\" sizes=\"auto, (max-width: 150px) 100vw, 150px\" \/><\/a>\n\t\t\t<\/div><\/figure><figure class='gallery-item'>\n\t\t\t<div class='gallery-icon landscape'>\n\t\t\t\t<a href='https:\/\/www.acapulcopress.com\/index.php\/2025\/06\/09\/inicia-gobierno-del-estado-programa-bailando-por-ciudad-renacimiento\/bailando-por-rena10\/'><img loading=\"lazy\" decoding=\"async\" width=\"150\" height=\"150\" src=\"https:\/\/www.acapulcopress.com\/wp-content\/uploads\/2025\/06\/BAILANDO-POR-RENA10-150x150.jpg\" class=\"attachment-thumbnail size-thumbnail\" alt=\"\" srcset=\"https:\/\/www.acapulcopress.com\/wp-content\/uploads\/2025\/06\/BAILANDO-POR-RENA10-150x150.jpg 150w, https:\/\/www.acapulcopress.com\/wp-content\/uploads\/2025\/06\/BAILANDO-POR-RENA10-70x70.jpg 70w, https:\/\/www.acapulcopress.com\/wp-content\/uploads\/2025\/06\/BAILANDO-POR-RENA10-360x360.jpg 360w\" sizes=\"auto, (max-width: 150px) 100vw, 150px\" \/><\/a>\n\t\t\t<\/div><\/figure><figure class='gallery-item'>\n\t\t\t<div class='gallery-icon landscape'>\n\t\t\t\t<a href='https:\/\/www.acapulcopress.com\/index.php\/2025\/06\/09\/inicia-gobierno-del-estado-programa-bailando-por-ciudad-renacimiento\/bailando-por-rena9\/'><img loading=\"lazy\" decoding=\"async\" width=\"150\" height=\"150\" src=\"https:\/\/www.acapulcopress.com\/wp-content\/uploads\/2025\/06\/BAILANDO-POR-RENA9-150x150.jpg\" class=\"attachment-thumbnail size-thumbnail\" alt=\"\" srcset=\"https:\/\/www.acapulcopress.com\/wp-content\/uploads\/2025\/06\/BAILANDO-POR-RENA9-150x150.jpg 150w, https:\/\/www.acapulcopress.com\/wp-content\/uploads\/2025\/06\/BAILANDO-POR-RENA9-70x70.jpg 70w, https:\/\/www.acapulcopress.com\/wp-content\/uploads\/2025\/06\/BAILANDO-POR-RENA9-360x360.jpg 360w\" sizes=\"auto, (max-width: 150px) 100vw, 150px\" \/><\/a>\n\t\t\t<\/div><\/figure><figure class='gallery-item'>\n\t\t\t<div class='gallery-icon landscape'>\n\t\t\t\t<a href='https:\/\/www.acapulcopress.com\/index.php\/2025\/06\/09\/inicia-gobierno-del-estado-programa-bailando-por-ciudad-renacimiento\/bailando-por-rena3\/'><img loading=\"lazy\" decoding=\"async\" width=\"150\" height=\"150\" src=\"https:\/\/www.acapulcopress.com\/wp-content\/uploads\/2025\/06\/BAILANDO-POR-RENA3-150x150.jpg\" class=\"attachment-thumbnail size-thumbnail\" alt=\"\" srcset=\"https:\/\/www.acapulcopress.com\/wp-content\/uploads\/2025\/06\/BAILANDO-POR-RENA3-150x150.jpg 150w, https:\/\/www.acapulcopress.com\/wp-content\/uploads\/2025\/06\/BAILANDO-POR-RENA3-70x70.jpg 70w, https:\/\/www.acapulcopress.com\/wp-content\/uploads\/2025\/06\/BAILANDO-POR-RENA3-360x360.jpg 360w\" sizes=\"auto, (max-width: 150px) 100vw, 150px\" \/><\/a>\n\t\t\t<\/div><\/figure><figure class='gallery-item'>\n\t\t\t<div class='gallery-icon landscape'>\n\t\t\t\t<a href='https:\/\/www.acapulcopress.com\/index.php\/2025\/06\/09\/inicia-gobierno-del-estado-programa-bailando-por-ciudad-renacimiento\/bailando-por-rena4\/'><img loading=\"lazy\" decoding=\"async\" width=\"150\" height=\"150\" src=\"https:\/\/www.acapulcopress.com\/wp-content\/uploads\/2025\/06\/BAILANDO-POR-RENA4-150x150.jpg\" class=\"attachment-thumbnail size-thumbnail\" alt=\"\" srcset=\"https:\/\/www.acapulcopress.com\/wp-content\/uploads\/2025\/06\/BAILANDO-POR-RENA4-150x150.jpg 150w, https:\/\/www.acapulcopress.com\/wp-content\/uploads\/2025\/06\/BAILANDO-POR-RENA4-70x70.jpg 70w, https:\/\/www.acapulcopress.com\/wp-content\/uploads\/2025\/06\/BAILANDO-POR-RENA4-360x360.jpg 360w\" sizes=\"auto, (max-width: 150px) 100vw, 150px\" \/><\/a>\n\t\t\t<\/div><\/figure>\n\t\t<\/div>\n\n<p><em>) acapulcopress.com<\/em><\/p>\n","protected":false},"excerpt":{"rendered":"<p>ACAPULCO * 9 de junio 2025 ) Gobierno de Guerrero Con el objetivo de fomentar la salud, la sana convivencia y la cohesi\u00f3n social en una de las colonias m\u00e1s emblem\u00e1ticas de Acapulco, dio inicio el programa \u201cBailando por Ciudad Renacimiento\u201d, una iniciativa conjunta entre el Gobierno del Estado de Guerrero y el sector empresarial&#8230;.<\/p>\n","protected":false},"author":1,"featured_media":41006,"comment_status":"open","ping_status":"open","sticky":false,"template":"","format":"standard","meta":{"footnotes":""},"categories":[1980,1983],"tags":[18422,8251,18423],"class_list":["post-40997","post","type-post","status-publish","format-standard","has-post-thumbnail","hentry","category-goverment-2","category-guerrerogob","tag-bailando-por-ciudad-renacimiento","tag-evelyn-salgado-pineda","tag-polideportivo-cici-renacimiento"],"_links":{"self":[{"href":"https:\/\/www.acapulcopress.com\/index.php\/wp-json\/wp\/v2\/posts\/40997","targetHints":{"allow":["GET"]}}],"collection":[{"href":"https:\/\/www.acapulcopress.com\/index.php\/wp-json\/wp\/v2\/posts"}],"about":[{"href":"https:\/\/www.acapulcopress.com\/index.php\/wp-json\/wp\/v2\/types\/post"}],"author":[{"embeddable":true,"href":"https:\/\/www.acapulcopress.com\/index.php\/wp-json\/wp\/v2\/users\/1"}],"replies":[{"embeddable":true,"href":"https:\/\/www.acapulcopress.com\/index.php\/wp-json\/wp\/v2\/comments?post=40997"}],"version-history":[{"count":1,"href":"https:\/\/www.acapulcopress.com\/index.php\/wp-json\/wp\/v2\/posts\/40997\/revisions"}],"predecessor-version":[{"id":41012,"href":"https:\/\/www.acapulcopress.com\/index.php\/wp-json\/wp\/v2\/posts\/40997\/revisions\/41012"}],"wp:featuredmedia":[{"embeddable":true,"href":"https:\/\/www.acapulcopress.com\/index.php\/wp-json\/wp\/v2\/media\/41006"}],"wp:attachment":[{"href":"https:\/\/www.acapulcopress.com\/index.php\/wp-json\/wp\/v2\/media?parent=40997"}],"wp:term":[{"taxonomy":"category","embeddable":true,"href":"https:\/\/www.acapulcopress.com\/index.php\/wp-json\/wp\/v2\/categories?post=40997"},{"taxonomy":"post_tag","embeddable":true,"href":"https:\/\/www.acapulcopress.com\/index.php\/wp-json\/wp\/v2\/tags?post=40997"}],"curies":[{"name":"wp","href":"https:\/\/api.w.org\/{rel}","templated":true}]}}