{"id":41041,"date":"2025-06-10T09:01:08","date_gmt":"2025-06-10T15:01:08","guid":{"rendered":"https:\/\/www.acapulcopress.com\/?p=41041"},"modified":"2025-06-11T15:45:00","modified_gmt":"2025-06-11T21:45:00","slug":"se-aproxima-anhelada-oportunidad-historica-para-acapulco","status":"publish","type":"post","link":"https:\/\/www.acapulcopress.com\/index.php\/2025\/06\/10\/se-aproxima-anhelada-oportunidad-historica-para-acapulco\/","title":{"rendered":"Proxima oportunidad hist\u00f3rica para Acapulco"},"content":{"rendered":"<p>Marem\u00e1gnum<br \/>\n\u00bb <a href=\"https:\/\/www.facebook.com\/ricardocastill01\" target=\"_blank\" rel=\"noopener\"><strong>RICARDO<\/strong> | <strong>CASTILLO BARRIENTOS<\/strong><\/a><\/p>\n<p>Comentaba en la entrega anterior la proyecci\u00f3n e impulso que tendr\u00eda el puerto de Acapulco, por el inusual apoyo de la presidenta <strong>Claudia Sheinbaum<\/strong>, no solo por los desastres ocasionados por <em>Otis<\/em> y <em>John<\/em>, sino por el rezago en infraestructura y nuevos productos como destino tur\u00edstico, frente a la feroz competencia de modernos centros recreativos, que en las tres \u00faltimas d\u00e9cadas han ganado la preferencia de los vacacionistas.<\/p>\n<p>En esta circunstancia, la intervenci\u00f3n presidencial resulta de la mayor\u00a0\u00a0 trascendencia, porque significa la oportunidad hist\u00f3rica anhelada de reactivar la ruta hacia la modernizaci\u00f3n, tendiente a la transformaci\u00f3n \u00a0en un destino m\u00e1s competitivo, en el mercado nacional e internacional.<\/p>\n<p>En d\u00edas recientes, el almirante Raymundo Pedro Morales \u00c1ngeles, secretario de Marina, inform\u00f3 sobre los proyectos de infraestructura tur\u00edstica aprobados para el presente a\u00f1o y 2026, con inversiones multimillonarias comparables al Macrot\u00fanel, al Acab\u00fas o a la dignificaci\u00f3n del bulevar Vicente Guerrero, acceso principal a la ciudad, obras de gran impacto realizadas durante el segundo gobierno del licenciado \u00c1ngel Aguirre Rivero.<\/p>\n<p>En esta tesitura, el Plan Maestro de la Administraci\u00f3n del Sistema Portuario de Acapulco (<strong>ASIPONA<\/strong>), contempla reintegrar el centro hist\u00f3rico con el \u201crescate de espacios p\u00fablicos dignos para los acapulque\u00f1os\u201d, asegura el titular de la <strong>SEMAR<\/strong>, como el \u201cJard\u00edn del Puerto y un Malec\u00f3n transformado en un <strong>corredor peatonal<\/strong> de mil 200 metros, desde el \u201cPaseo del Pescador\u201d hasta el \u201cParque de la Reina\u201d, con un sistema de seguridad de 24 horas, a cargo de la Secretar\u00eda de Marina.<\/p>\n<p>Hace 15 d\u00edas se iniciaron los trabajos de construcci\u00f3n del nuevo \u201cJard\u00edn del Puerto\u201d, como ventana ecol\u00f3gica y amplias \u00e1reas verdes, de acuerdo a la demanda de asociaciones de profesionistas y organizaciones sociales, con la esperanza se coincida o reestructure el proyecto de la<strong> ASIPONA<\/strong>.<\/p>\n<p>Para el 2026 se tiene previsto la remodelaci\u00f3n integral del Malec\u00f3n y la Terminal de Cruceros, con restaurantes, tiendas de conveniencia y artesan\u00edas, un museo interactivo con exposiciones audiovisuales y talleres educativos.<\/p>\n<p>El almirante Morales \u00c1ngeles detall\u00f3 el proyecto con m\u00e1s atractivos, como el parque acu\u00e1tico con albercas de agua de mar, adem\u00e1s de canchas de usos m\u00faltiples, patinaje, gimnasio al aire libre, etc.<\/p>\n<p>El<strong> Marib\u00fas<\/strong> es otro de los grandes proyectos que ser\u00e1 puesto en operaci\u00f3n a inicios del pr\u00f3ximo a\u00f1o, con las dos primeras terminales, en el malec\u00f3n del z\u00f3calo y en el muelle de Puerto Marqu\u00e9s. Despu\u00e9s se construir\u00edan las estaciones del CICI, Caleta y Diamante.<\/p>\n<p>En este proyecto se tiene que tomar en cuenta a los propietarios y operadores de lanchas de pesca deportiva, lanchas de paseo y fondo de cristal, porque han clamado su participaci\u00f3n en el <strong>Marib\u00fas<\/strong>,\u00a0 consideran que podr\u00edan resultar afectados en sus empleos y habr\u00eda que salvaguardarlos.<\/p>\n<p>Solo quedar\u00edan pendientes los proyectos del <strong>Cableb\u00fas<\/strong>, la regeneraci\u00f3n de la Laguna de Puerto Marqu\u00e9s, el saneamiento del rio La Sabana y la Laguna de Tres Palos.<\/p>\n<p>Mi agradecimiento al maestro Hermelindo Orbe, acapulque\u00f1o de cepa y asesor de la Comisi\u00f3n de la Comisi\u00f3n de Marina de la C\u00e1mara de Diputados federal, por la informaci\u00f3n proporcionada.<\/p>\n<p><strong>Marea Baja<\/strong>.- \u00daltimamente se ha desatado una fiebre de participaci\u00f3n ciudadana en cuanto a las convocatorias institucionales emitidas para la renovaci\u00f3n y selecci\u00f3n de Titulares de dependencias y organismos p\u00fablicos, toc\u00f3 su turno a la Comisi\u00f3n Estatal de Derechos Humanos (CODEHUM), seg\u00fan convocatoria del Congreso del Estado.<\/p>\n<p>En esta ocasi\u00f3n se registraron 17 profesionistas de todos los colores y sabores, la mayor\u00eda ajenos o distantes a la defensa de los derechos humanos, pues solos buscan la chamba como cosa de comer, ante la escasez de buenos empleos y los que est\u00e1n disponibles, requieren de buenas palancas o recomendaciones del alto mando. Esperemos que ahora s\u00ed los diputados den al clavo y seleccionen al mejor elemento para tan relevante cargo y hagan caso omiso a todo tipo de recomendaci\u00f3n.<\/p>\n<p><strong>Marea Alta.-<\/strong> Al parecer las fuerzas beligerantes de la <strong>CETEG<\/strong>, regres\u00f3 de la Ciudad de M\u00e9xico, con las manos vac\u00edas, mientras sus contlapaches de Oaxaca se levantaron con m\u00e1s de 800 millones de pesos para la contrataci\u00f3n de nuevos maestros y saldar adeudos pendientes.<\/p>\n<p>Sin embargo, los <em>cetegistas<\/em> lograron sus objetivos b\u00e9licos de incendiar las oficinas del<strong> SNTE<\/strong> y el virulento ataque a la<strong> SEGOB<\/strong>, adem\u00e1s de llamar la atenci\u00f3n de la propia presidenta Sheinbaum.<\/p>\n<p>Hablan de una retirada estrat\u00e9gica frente a la posici\u00f3n intransigente del Gobierno de la Rep\u00fablica, que no retrocedi\u00f3 ante las justas demandas del sector magisterial m\u00e1s rebelde de M\u00e9xico, <strong>la CNTE<\/strong>.<\/p>\n<p><strong>Maremoto.-<\/strong> Existe temor y preocupaci\u00f3n de la paisanada que vive en los Estados Unidos, ante la cacer\u00eda despiadada desatada por el gobierno <em>trumpist<\/em>a de deportar a mexicanos que no han regularizado su situaci\u00f3n migratoria, y que suman miles de personas.<\/p>\n<p>La Conferencia Nacional de Gobernadores (<strong>CONAGO<\/strong>), de la que es miembro la gobernadora Evelyn Salgado Pineda, conden\u00f3 las redadas dirigidas a comunidades migrantes, a cargo de la Guardia Nacional, con la finalidad de expulsarlos del pa\u00eds.<\/p>\n<p>La gobernadora Salgado Pineda consider\u00f3 que \u201dla migraci\u00f3n debe atenderse con dignidad, respeto a los derechos humanos y sensibilidad. No con miedo y discriminaci\u00f3n\u201d.<\/p>\n","protected":false},"excerpt":{"rendered":"<p>Comentaba en la entrega anterior la proyecci\u00f3n e impulso que tendr\u00eda el puerto de Acapulco, por el inusual apoyo de la presidenta Sheinbaum,<\/p>\n","protected":false},"author":1,"featured_media":41042,"comment_status":"open","ping_status":"open","sticky":false,"template":"","format":"standard","meta":{"footnotes":""},"categories":[2071,1991],"tags":[9974,9987,12503,15575],"class_list":["post-41041","post","type-post","status-publish","format-standard","has-post-thumbnail","hentry","category-opinion-analisis-columnas","category-libertad-de-expresion","tag-huracan-john","tag-huracan-otis","tag-maremagnum","tag-ricardo-castillo-barrientos"],"_links":{"self":[{"href":"https:\/\/www.acapulcopress.com\/index.php\/wp-json\/wp\/v2\/posts\/41041","targetHints":{"allow":["GET"]}}],"collection":[{"href":"https:\/\/www.acapulcopress.com\/index.php\/wp-json\/wp\/v2\/posts"}],"about":[{"href":"https:\/\/www.acapulcopress.com\/index.php\/wp-json\/wp\/v2\/types\/post"}],"author":[{"embeddable":true,"href":"https:\/\/www.acapulcopress.com\/index.php\/wp-json\/wp\/v2\/users\/1"}],"replies":[{"embeddable":true,"href":"https:\/\/www.acapulcopress.com\/index.php\/wp-json\/wp\/v2\/comments?post=41041"}],"version-history":[{"count":3,"href":"https:\/\/www.acapulcopress.com\/index.php\/wp-json\/wp\/v2\/posts\/41041\/revisions"}],"predecessor-version":[{"id":41170,"href":"https:\/\/www.acapulcopress.com\/index.php\/wp-json\/wp\/v2\/posts\/41041\/revisions\/41170"}],"wp:featuredmedia":[{"embeddable":true,"href":"https:\/\/www.acapulcopress.com\/index.php\/wp-json\/wp\/v2\/media\/41042"}],"wp:attachment":[{"href":"https:\/\/www.acapulcopress.com\/index.php\/wp-json\/wp\/v2\/media?parent=41041"}],"wp:term":[{"taxonomy":"category","embeddable":true,"href":"https:\/\/www.acapulcopress.com\/index.php\/wp-json\/wp\/v2\/categories?post=41041"},{"taxonomy":"post_tag","embeddable":true,"href":"https:\/\/www.acapulcopress.com\/index.php\/wp-json\/wp\/v2\/tags?post=41041"}],"curies":[{"name":"wp","href":"https:\/\/api.w.org\/{rel}","templated":true}]}}