{"id":41044,"date":"2025-06-10T09:55:26","date_gmt":"2025-06-10T15:55:26","guid":{"rendered":"https:\/\/www.acapulcopress.com\/?p=41044"},"modified":"2025-06-10T10:14:45","modified_gmt":"2025-06-10T16:14:45","slug":"atiende-pcgro-incidentes-dejador-por-tormenta-en-chilpancingo","status":"publish","type":"post","link":"https:\/\/www.acapulcopress.com\/index.php\/2025\/06\/10\/atiende-pcgro-incidentes-dejador-por-tormenta-en-chilpancingo\/","title":{"rendered":"Atiende PCGro incidentes dejador por tormenta en Chilpancingo"},"content":{"rendered":"<p>CHILPANCINGO * 10 de junio 2025<br \/>\n<em>) Protecci\u00f3n Civil Guerrero<\/em><br \/>\n<img loading=\"lazy\" decoding=\"async\" class=\"alignleft wp-image-41051 size-cmsmasters-square-thumb\" src=\"https:\/\/www.acapulcopress.com\/wp-content\/uploads\/2025\/06\/TORMENTA-CHILPO7-360x360.jpg\" alt=\"\" width=\"360\" height=\"360\" srcset=\"https:\/\/www.acapulcopress.com\/wp-content\/uploads\/2025\/06\/TORMENTA-CHILPO7-360x360.jpg 360w, https:\/\/www.acapulcopress.com\/wp-content\/uploads\/2025\/06\/TORMENTA-CHILPO7-150x150.jpg 150w, https:\/\/www.acapulcopress.com\/wp-content\/uploads\/2025\/06\/TORMENTA-CHILPO7-70x70.jpg 70w\" sizes=\"auto, (max-width: 360px) 100vw, 360px\" \/>Derivado de la tormenta local que se registra la ma\u00f1ana de este martes en Chilpancingo, personal operativo de la <em>Secretar\u00eda de Gesti\u00f3n Integral de Riesgos y Protecci\u00f3n Civil,<\/em> realiza recorridos preventivos para descartar riesgos para la poblaci\u00f3n y atender las eventualidad registradas en diferentes puntos de la ciudad.<\/p>\n<p>Las fuertes precipitaciones generaron la creciente de escurrimientos naturales en calles y avenidas de la ciudad, ocasionando encharcamientos a nivel de banqueta y por ende, tr\u00e1nsito lento en algunos puntos y veh\u00edculos varados.<\/p>\n<p>De inmediato se moviliz\u00f3 al personal operativo de la SGIRPCGRO para atender los incidentes generados y descartar situaciones de riesgo para la poblaci\u00f3n, principalmente en sobre el encauzamiento del r\u00edo Huacapa, el bulevar a Chilpancingo-Petaquillas, la carretera federal M\u00e9xico-Acapulco, la presa Cerrito Rico, las colonias Zapata, La Cinca, Avioneta y Real del Valle.<\/p>\n<p>Durante estos recorridos se brind\u00f3 apoyo a los automovilistas que quedaron varados y realizaron la limpieza de material p\u00e9treo para prevenir otros incidentes.<\/p>\n<p>Cabe se\u00f1alar que en el transcurso de la noche del d\u00eda de ayer y primeras horas de hoy, se registraron tormentas locales, lluvias fuertes en el puerto de Acapulco, Centro, Monta\u00f1a y Costa Grande, as\u00ed como lluvias moderadas en las regiones Costa Chica, Norte y Sierra.<\/p>\n<div id='gallery-1' class='gallery galleryid-41044 gallery-columns-3 gallery-size-thumbnail'><figure class='gallery-item'>\n\t\t\t<div class='gallery-icon landscape'>\n\t\t\t\t<a href='https:\/\/www.acapulcopress.com\/index.php\/2025\/06\/10\/atiende-pcgro-incidentes-dejador-por-tormenta-en-chilpancingo\/tormenta-chilpo\/'><img loading=\"lazy\" decoding=\"async\" width=\"150\" height=\"150\" src=\"https:\/\/www.acapulcopress.com\/wp-content\/uploads\/2025\/06\/TORMENTA-CHILPO-150x150.jpg\" class=\"attachment-thumbnail size-thumbnail\" alt=\"\" srcset=\"https:\/\/www.acapulcopress.com\/wp-content\/uploads\/2025\/06\/TORMENTA-CHILPO-150x150.jpg 150w, https:\/\/www.acapulcopress.com\/wp-content\/uploads\/2025\/06\/TORMENTA-CHILPO-70x70.jpg 70w, https:\/\/www.acapulcopress.com\/wp-content\/uploads\/2025\/06\/TORMENTA-CHILPO-360x360.jpg 360w\" sizes=\"auto, (max-width: 150px) 100vw, 150px\" \/><\/a>\n\t\t\t<\/div><\/figure><figure class='gallery-item'>\n\t\t\t<div class='gallery-icon landscape'>\n\t\t\t\t<a href='https:\/\/www.acapulcopress.com\/index.php\/2025\/06\/10\/atiende-pcgro-incidentes-dejador-por-tormenta-en-chilpancingo\/tormenta-chilpo2\/'><img loading=\"lazy\" decoding=\"async\" width=\"150\" height=\"150\" src=\"https:\/\/www.acapulcopress.com\/wp-content\/uploads\/2025\/06\/TORMENTA-CHILPO2-150x150.jpg\" class=\"attachment-thumbnail size-thumbnail\" alt=\"\" srcset=\"https:\/\/www.acapulcopress.com\/wp-content\/uploads\/2025\/06\/TORMENTA-CHILPO2-150x150.jpg 150w, https:\/\/www.acapulcopress.com\/wp-content\/uploads\/2025\/06\/TORMENTA-CHILPO2-70x70.jpg 70w, https:\/\/www.acapulcopress.com\/wp-content\/uploads\/2025\/06\/TORMENTA-CHILPO2-360x360.jpg 360w\" sizes=\"auto, (max-width: 150px) 100vw, 150px\" \/><\/a>\n\t\t\t<\/div><\/figure><figure class='gallery-item'>\n\t\t\t<div class='gallery-icon landscape'>\n\t\t\t\t<a href='https:\/\/www.acapulcopress.com\/index.php\/2025\/06\/10\/atiende-pcgro-incidentes-dejador-por-tormenta-en-chilpancingo\/tormenta-chilpo3\/'><img loading=\"lazy\" decoding=\"async\" width=\"150\" height=\"150\" src=\"https:\/\/www.acapulcopress.com\/wp-content\/uploads\/2025\/06\/TORMENTA-CHILPO3-150x150.jpg\" class=\"attachment-thumbnail size-thumbnail\" alt=\"\" srcset=\"https:\/\/www.acapulcopress.com\/wp-content\/uploads\/2025\/06\/TORMENTA-CHILPO3-150x150.jpg 150w, https:\/\/www.acapulcopress.com\/wp-content\/uploads\/2025\/06\/TORMENTA-CHILPO3-70x70.jpg 70w, https:\/\/www.acapulcopress.com\/wp-content\/uploads\/2025\/06\/TORMENTA-CHILPO3-360x360.jpg 360w\" sizes=\"auto, (max-width: 150px) 100vw, 150px\" \/><\/a>\n\t\t\t<\/div><\/figure><figure class='gallery-item'>\n\t\t\t<div class='gallery-icon landscape'>\n\t\t\t\t<a href='https:\/\/www.acapulcopress.com\/index.php\/2025\/06\/10\/atiende-pcgro-incidentes-dejador-por-tormenta-en-chilpancingo\/tormenta-chilpo8\/'><img loading=\"lazy\" decoding=\"async\" width=\"150\" height=\"150\" src=\"https:\/\/www.acapulcopress.com\/wp-content\/uploads\/2025\/06\/TORMENTA-CHILPO8-150x150.jpg\" class=\"attachment-thumbnail size-thumbnail\" alt=\"\" srcset=\"https:\/\/www.acapulcopress.com\/wp-content\/uploads\/2025\/06\/TORMENTA-CHILPO8-150x150.jpg 150w, https:\/\/www.acapulcopress.com\/wp-content\/uploads\/2025\/06\/TORMENTA-CHILPO8-70x70.jpg 70w, https:\/\/www.acapulcopress.com\/wp-content\/uploads\/2025\/06\/TORMENTA-CHILPO8-360x360.jpg 360w\" sizes=\"auto, (max-width: 150px) 100vw, 150px\" \/><\/a>\n\t\t\t<\/div><\/figure><figure class='gallery-item'>\n\t\t\t<div class='gallery-icon landscape'>\n\t\t\t\t<a href='https:\/\/www.acapulcopress.com\/index.php\/2025\/06\/10\/atiende-pcgro-incidentes-dejador-por-tormenta-en-chilpancingo\/tormenta-chilpo7\/'><img loading=\"lazy\" decoding=\"async\" width=\"150\" height=\"150\" src=\"https:\/\/www.acapulcopress.com\/wp-content\/uploads\/2025\/06\/TORMENTA-CHILPO7-150x150.jpg\" class=\"attachment-thumbnail size-thumbnail\" alt=\"\" srcset=\"https:\/\/www.acapulcopress.com\/wp-content\/uploads\/2025\/06\/TORMENTA-CHILPO7-150x150.jpg 150w, https:\/\/www.acapulcopress.com\/wp-content\/uploads\/2025\/06\/TORMENTA-CHILPO7-70x70.jpg 70w, https:\/\/www.acapulcopress.com\/wp-content\/uploads\/2025\/06\/TORMENTA-CHILPO7-360x360.jpg 360w\" sizes=\"auto, (max-width: 150px) 100vw, 150px\" \/><\/a>\n\t\t\t<\/div><\/figure><figure class='gallery-item'>\n\t\t\t<div class='gallery-icon landscape'>\n\t\t\t\t<a href='https:\/\/www.acapulcopress.com\/index.php\/2025\/06\/10\/atiende-pcgro-incidentes-dejador-por-tormenta-en-chilpancingo\/tormenta-chilpo6\/'><img loading=\"lazy\" decoding=\"async\" width=\"150\" height=\"150\" src=\"https:\/\/www.acapulcopress.com\/wp-content\/uploads\/2025\/06\/TORMENTA-CHILPO6-150x150.jpg\" class=\"attachment-thumbnail size-thumbnail\" alt=\"\" srcset=\"https:\/\/www.acapulcopress.com\/wp-content\/uploads\/2025\/06\/TORMENTA-CHILPO6-150x150.jpg 150w, https:\/\/www.acapulcopress.com\/wp-content\/uploads\/2025\/06\/TORMENTA-CHILPO6-70x70.jpg 70w, https:\/\/www.acapulcopress.com\/wp-content\/uploads\/2025\/06\/TORMENTA-CHILPO6-360x360.jpg 360w\" sizes=\"auto, (max-width: 150px) 100vw, 150px\" \/><\/a>\n\t\t\t<\/div><\/figure><figure class='gallery-item'>\n\t\t\t<div class='gallery-icon portrait'>\n\t\t\t\t<a href='https:\/\/www.acapulcopress.com\/index.php\/2025\/06\/10\/atiende-pcgro-incidentes-dejador-por-tormenta-en-chilpancingo\/tormenta-chilpo5\/'><img loading=\"lazy\" decoding=\"async\" width=\"150\" height=\"150\" src=\"https:\/\/www.acapulcopress.com\/wp-content\/uploads\/2025\/06\/TORMENTA-CHILPO5-150x150.jpg\" class=\"attachment-thumbnail size-thumbnail\" alt=\"\" srcset=\"https:\/\/www.acapulcopress.com\/wp-content\/uploads\/2025\/06\/TORMENTA-CHILPO5-150x150.jpg 150w, https:\/\/www.acapulcopress.com\/wp-content\/uploads\/2025\/06\/TORMENTA-CHILPO5-70x70.jpg 70w, https:\/\/www.acapulcopress.com\/wp-content\/uploads\/2025\/06\/TORMENTA-CHILPO5-360x360.jpg 360w\" sizes=\"auto, (max-width: 150px) 100vw, 150px\" \/><\/a>\n\t\t\t<\/div><\/figure><figure class='gallery-item'>\n\t\t\t<div class='gallery-icon landscape'>\n\t\t\t\t<a href='https:\/\/www.acapulcopress.com\/index.php\/2025\/06\/10\/atiende-pcgro-incidentes-dejador-por-tormenta-en-chilpancingo\/tormenta-chilpo4\/'><img loading=\"lazy\" decoding=\"async\" width=\"150\" height=\"150\" src=\"https:\/\/www.acapulcopress.com\/wp-content\/uploads\/2025\/06\/TORMENTA-CHILPO4-150x150.jpg\" class=\"attachment-thumbnail size-thumbnail\" alt=\"\" srcset=\"https:\/\/www.acapulcopress.com\/wp-content\/uploads\/2025\/06\/TORMENTA-CHILPO4-150x150.jpg 150w, https:\/\/www.acapulcopress.com\/wp-content\/uploads\/2025\/06\/TORMENTA-CHILPO4-70x70.jpg 70w, https:\/\/www.acapulcopress.com\/wp-content\/uploads\/2025\/06\/TORMENTA-CHILPO4-360x360.jpg 360w\" sizes=\"auto, (max-width: 150px) 100vw, 150px\" \/><\/a>\n\t\t\t<\/div><\/figure>\n\t\t<\/div>\n\n<p><em>) acapulcopress.com<\/em><\/p>\n","protected":false},"excerpt":{"rendered":"<p>CHILPANCINGO * 10 de junio 2025 ) Protecci\u00f3n Civil Guerrero Derivado de la tormenta local que se registra la ma\u00f1ana de este martes en Chilpancingo, personal operativo de la Secretar\u00eda de Gesti\u00f3n Integral de Riesgos y Protecci\u00f3n Civil, realiza recorridos preventivos para descartar riesgos para la poblaci\u00f3n y atender las eventualidad registradas en diferentes puntos&#8230;<\/p>\n","protected":false},"author":1,"featured_media":41045,"comment_status":"open","ping_status":"open","sticky":false,"template":"","format":"standard","meta":{"footnotes":""},"categories":[1980,1983],"tags":[16190],"class_list":["post-41044","post","type-post","status-publish","format-standard","has-post-thumbnail","hentry","category-goverment-2","category-guerrerogob","tag-secretaria-de-gestion-integral-de-riesgos-y-proteccion-civil"],"_links":{"self":[{"href":"https:\/\/www.acapulcopress.com\/index.php\/wp-json\/wp\/v2\/posts\/41044","targetHints":{"allow":["GET"]}}],"collection":[{"href":"https:\/\/www.acapulcopress.com\/index.php\/wp-json\/wp\/v2\/posts"}],"about":[{"href":"https:\/\/www.acapulcopress.com\/index.php\/wp-json\/wp\/v2\/types\/post"}],"author":[{"embeddable":true,"href":"https:\/\/www.acapulcopress.com\/index.php\/wp-json\/wp\/v2\/users\/1"}],"replies":[{"embeddable":true,"href":"https:\/\/www.acapulcopress.com\/index.php\/wp-json\/wp\/v2\/comments?post=41044"}],"version-history":[{"count":1,"href":"https:\/\/www.acapulcopress.com\/index.php\/wp-json\/wp\/v2\/posts\/41044\/revisions"}],"predecessor-version":[{"id":41053,"href":"https:\/\/www.acapulcopress.com\/index.php\/wp-json\/wp\/v2\/posts\/41044\/revisions\/41053"}],"wp:featuredmedia":[{"embeddable":true,"href":"https:\/\/www.acapulcopress.com\/index.php\/wp-json\/wp\/v2\/media\/41045"}],"wp:attachment":[{"href":"https:\/\/www.acapulcopress.com\/index.php\/wp-json\/wp\/v2\/media?parent=41044"}],"wp:term":[{"taxonomy":"category","embeddable":true,"href":"https:\/\/www.acapulcopress.com\/index.php\/wp-json\/wp\/v2\/categories?post=41044"},{"taxonomy":"post_tag","embeddable":true,"href":"https:\/\/www.acapulcopress.com\/index.php\/wp-json\/wp\/v2\/tags?post=41044"}],"curies":[{"name":"wp","href":"https:\/\/api.w.org\/{rel}","templated":true}]}}