{"id":41054,"date":"2025-06-08T10:23:14","date_gmt":"2025-06-08T16:23:14","guid":{"rendered":"https:\/\/www.acapulcopress.com\/?p=41054"},"modified":"2025-06-10T10:26:45","modified_gmt":"2025-06-10T16:26:45","slug":"proponen-reforma-para-beneficiar-a-migrantes-guerrerenses-en-estados-unidos","status":"publish","type":"post","link":"https:\/\/www.acapulcopress.com\/index.php\/2025\/06\/08\/proponen-reforma-para-beneficiar-a-migrantes-guerrerenses-en-estados-unidos\/","title":{"rendered":"Proponen reforma para beneficiar a migrantes guerrerenses en Estados Unidos"},"content":{"rendered":"<p>BCHILPANCINGO * 8 de junio 2025<br \/>\n<em>) LXVI legislatura | Guerrero<\/em><br \/>\nPara fortalecer la protecci\u00f3n de los derechos humanos, laborales y sociales de los migrantes guerrerenses con la creaci\u00f3n de un Fondo Especial de Apoyo, un Registro Estatal y un Programa Integral de Protecci\u00f3n Laboral y Social, que brinde atenci\u00f3n oportuna, apoyo jur\u00eddico, acceso a servicios y acciones de vinculaci\u00f3n y reintegraci\u00f3n con un enfoque humanitario y de justicia social, la Comisi\u00f3n de Atenci\u00f3n a Migrantes del Congreso del Estado analiza una iniciativa de reforma y adici\u00f3n a la Ley de Atenci\u00f3n a los Migrantes del Estado de Guerrero.<\/p>\n<p>Estas modificaciones fueron propuestas por el diputado <strong>Marco Tulio S\u00e1nchez Alarc\u00f3n<\/strong>, quien expuso que a pesar de las aportaciones econ\u00f3micas que hacen a trav\u00e9s de las remesas, los migrantes guerrerenses enfrentan serias condiciones de vulnerabilidad en Estados Unidos de Am\u00e9rica, por la pol\u00edtica migratoria restrictiva instaurada durante la administraci\u00f3n del presidente <strong>Donald Trump<\/strong>.<\/p>\n<p>\u201cDicha pol\u00edtica, que incluy\u00f3 medidas como la cancelaci\u00f3n del programa DACA, endurecimiento del sistema de asilo, expansi\u00f3n del muro fronterizo y Protocolos de Protecci\u00f3n a Migrantes, profundiz\u00f3 las condiciones de vulnerabilidad de los connacionales, en particular los migrantes guerrerenses han sido v\u00edctimas de abusos laborales, explotaci\u00f3n, discriminaci\u00f3n y en muchos casos, falta de acceso a servicios legales y de salud. Esta situaci\u00f3n persiste, en muchos casos, incluso con posteriores administraciones estadounidenses\u201d, dijo.<\/p>\n<p>Por estas razones, argument\u00f3 el legislador, el Estado no puede permanecer indiferente y corresponde al Congreso adoptar un enfoque proactivo para garantizar la protecci\u00f3n y promoci\u00f3n de los derechos humanos, laborales y sociales de las y los guerrerenses que residen en el extranjero, especialmente en contextos hostiles y de emergencia.<\/p>\n<p>Dicha propuesta tiene como objetivo la creaci\u00f3n del Fondo Especial de Apoyo a Migrantes Guerrerenses en el Extranjero, que permita al Estado intervenir de manera oportuna en situaciones cr\u00edticas como repatriaci\u00f3n de cad\u00e1veres, asesor\u00eda legal, atenci\u00f3n m\u00e9dica de emergencia y retorno voluntario, entre otros.<\/p>\n<p>Asimismo, la creaci\u00f3n de un Registro Estatal de Migrantes Guerrerenses, con car\u00e1cter voluntario, que ser\u00e1 una herramienta fundamental para conocer con mayor precisi\u00f3n la ubicaci\u00f3n, situaci\u00f3n laboral, social y familiar de los migrantes, respetando a cabalidad los principios rectores de protecci\u00f3n de datos personales.<\/p>\n<p>Tambi\u00e9n fortalecer el marco institucional de atenci\u00f3n y protecci\u00f3n a los derechos laborales y sociales de los migrantes, a trav\u00e9s de programas, convenios y acciones coordinadas con organismos internacionales, consulados, organizaciones de migrantes y autoridades extranjeras, encaminadas a garantizar condiciones dignas de vida, seguridad laboral, educaci\u00f3n y reintegraci\u00f3n para quienes decidan regresar a Guerrero.<\/p>\n<p><em>) acapulcopress.com<\/em><\/p>\n","protected":false},"excerpt":{"rendered":"<p>BCHILPANCINGO * 8 de junio 2025 ) LXVI legislatura | Guerrero Para fortalecer la protecci\u00f3n de los derechos humanos, laborales y sociales de los migrantes guerrerenses con la creaci\u00f3n de un Fondo Especial de Apoyo, un Registro Estatal y un Programa Integral de Protecci\u00f3n Laboral y Social, que brinde atenci\u00f3n oportuna, apoyo jur\u00eddico, acceso a&#8230;<\/p>\n","protected":false},"author":1,"featured_media":41055,"comment_status":"open","ping_status":"open","sticky":false,"template":"","format":"standard","meta":{"footnotes":""},"categories":[2037,61],"tags":[7450,12491,13079],"class_list":["post-41054","post","type-post","status-publish","format-standard","has-post-thumbnail","hentry","category-congreso-de-guerrero","category-legislacion","tag-donald-trump","tag-marco-tulio-sanchez-alarcon","tag-migracion-2"],"_links":{"self":[{"href":"https:\/\/www.acapulcopress.com\/index.php\/wp-json\/wp\/v2\/posts\/41054","targetHints":{"allow":["GET"]}}],"collection":[{"href":"https:\/\/www.acapulcopress.com\/index.php\/wp-json\/wp\/v2\/posts"}],"about":[{"href":"https:\/\/www.acapulcopress.com\/index.php\/wp-json\/wp\/v2\/types\/post"}],"author":[{"embeddable":true,"href":"https:\/\/www.acapulcopress.com\/index.php\/wp-json\/wp\/v2\/users\/1"}],"replies":[{"embeddable":true,"href":"https:\/\/www.acapulcopress.com\/index.php\/wp-json\/wp\/v2\/comments?post=41054"}],"version-history":[{"count":1,"href":"https:\/\/www.acapulcopress.com\/index.php\/wp-json\/wp\/v2\/posts\/41054\/revisions"}],"predecessor-version":[{"id":41056,"href":"https:\/\/www.acapulcopress.com\/index.php\/wp-json\/wp\/v2\/posts\/41054\/revisions\/41056"}],"wp:featuredmedia":[{"embeddable":true,"href":"https:\/\/www.acapulcopress.com\/index.php\/wp-json\/wp\/v2\/media\/41055"}],"wp:attachment":[{"href":"https:\/\/www.acapulcopress.com\/index.php\/wp-json\/wp\/v2\/media?parent=41054"}],"wp:term":[{"taxonomy":"category","embeddable":true,"href":"https:\/\/www.acapulcopress.com\/index.php\/wp-json\/wp\/v2\/categories?post=41054"},{"taxonomy":"post_tag","embeddable":true,"href":"https:\/\/www.acapulcopress.com\/index.php\/wp-json\/wp\/v2\/tags?post=41054"}],"curies":[{"name":"wp","href":"https:\/\/api.w.org\/{rel}","templated":true}]}}