{"id":41061,"date":"2025-06-10T12:09:41","date_gmt":"2025-06-10T18:09:41","guid":{"rendered":"https:\/\/www.acapulcopress.com\/?p=41061"},"modified":"2025-06-10T12:12:33","modified_gmt":"2025-06-10T18:12:33","slug":"mananeras-guerrero-destaca-en-acciones-de-seguridad-bienestar-y-paz-social","status":"publish","type":"post","link":"https:\/\/www.acapulcopress.com\/index.php\/2025\/06\/10\/mananeras-guerrero-destaca-en-acciones-de-seguridad-bienestar-y-paz-social\/","title":{"rendered":"Guerrero destaca en acciones de seguridad, bienestar y paz social"},"content":{"rendered":"<p>CIUDAD DE M\u00c9XICO * 10 de junio 2025<br \/>\n<em>) Las Ma\u00f1aneras<br \/>\n<\/em> En el marco de la conferencia matutina encabezada por la presidenta Claudia Sheinbaum, el gabinete de seguridad federal present\u00f3 avances en materia de seguridad y programas sociales, donde Guerrero destac\u00f3 entre los estados con acciones dentro de la estrategia nacional coordinada para la pacificaci\u00f3n del territorio y el bienestar de la poblaci\u00f3n.<\/p>\n<p><img loading=\"lazy\" decoding=\"async\" class=\"alignleft wp-image-41067 size-cmsmasters-square-thumb\" src=\"https:\/\/www.acapulcopress.com\/wp-content\/uploads\/2025\/06\/INCIDENCIAS6-360x360.jpg\" alt=\"\" width=\"360\" height=\"360\" srcset=\"https:\/\/www.acapulcopress.com\/wp-content\/uploads\/2025\/06\/INCIDENCIAS6-360x360.jpg 360w, https:\/\/www.acapulcopress.com\/wp-content\/uploads\/2025\/06\/INCIDENCIAS6-150x150.jpg 150w, https:\/\/www.acapulcopress.com\/wp-content\/uploads\/2025\/06\/INCIDENCIAS6-70x70.jpg 70w\" sizes=\"auto, (max-width: 360px) 100vw, 360px\" \/>El secretario de Seguridad y Protecci\u00f3n Ciudadana, Omar Garc\u00eda Harfuch, inform\u00f3 que en Acapulco fue desarticulada una c\u00e9lula delictiva integrada por tres personas, donde se logr\u00f3 la liberaci\u00f3n de una v\u00edctima. La operaci\u00f3n fue ejecutada de forma conjunta entre fuerzas federales y estatales. Adem\u00e1s, tras un intento de bloqueo en la carretera federal M\u00e9xico-Acapulco por parte de simpatizantes de los detenidos, el orden fue restablecido de manera inmediata con apoyo de la Guardia Nacional.<\/p>\n<p>Por su parte, la secretaria de Gobernaci\u00f3n, Rosa Icela Rodr\u00edguez, present\u00f3 los resultados del programa federal Tianguis del Bienestar, que ha tenido fuerte presencia en Guerrero.<\/p>\n<p>Durante estas jornadas, con el acompa\u00f1amiento de la gobernadora Evelyn Salgado Pineda, se han beneficiado a 8 mil 993 familias en colonias prioritarias de Acapulco como Las Cruces, Ciudad Renacimiento, Emiliano Zapata, La Postal y Unidos por Guerrero, con la entrega gratuita de 475 mil bienes, entre ropa, calzado, enseres dom\u00e9sticos y juguetes, adem\u00e1s de servicios de salud y reparaci\u00f3n de electrodom\u00e9sticos.<\/p>\n<p>Estas acciones forman parte de la estrategia nacional de seguridad basada en cuatro ejes: Atenci\u00f3n a las causas, fortalecimiento institucional, inteligencia e investigaci\u00f3n, y coordinaci\u00f3n con gobiernos estatales.<\/p>\n<p>En Guerrero, bajo el gobierno Evelyn Salgado, se ha consolidado la reconstrucci\u00f3n del tejido social y el combate a la violencia.<\/p>\n<p>En el reporte nacional sobre incidencia delictiva presentada por la titular del Secretariado Ejecutivo del Sistema Nacional de Seguridad P\u00fablica, Marcela Figueroa Franco, inform\u00f3 que Guerrero se mantiene fuera de los cinco estados con mayor n\u00famero de homicidios, ubic\u00e1ndose en el sexto lugar a nivel nacional con el 5.8% del total de casos registrados entre enero y mayo de 2025.<\/p>\n<p>Esta posici\u00f3n refleja una tendencia de contenci\u00f3n del delito en la entidad, resultado de la coordinaci\u00f3n entre el gobierno estatal, encabezado por la gobernadora Evelyn Salgado Pineda, y las fuerzas federales en el marco de la estrategia nacional de seguridad.<\/p>\n<p><img loading=\"lazy\" decoding=\"async\" class=\"alignnone size-cmsmasters-masonry-thumb wp-image-41062\" src=\"https:\/\/www.acapulcopress.com\/wp-content\/uploads\/2025\/06\/INCIDENCIAS-860x485.jpg\" alt=\"\" width=\"860\" height=\"485\" srcset=\"https:\/\/www.acapulcopress.com\/wp-content\/uploads\/2025\/06\/INCIDENCIAS-860x485.jpg 860w, https:\/\/www.acapulcopress.com\/wp-content\/uploads\/2025\/06\/INCIDENCIAS-300x169.jpg 300w, https:\/\/www.acapulcopress.com\/wp-content\/uploads\/2025\/06\/INCIDENCIAS-1024x578.jpg 1024w, https:\/\/www.acapulcopress.com\/wp-content\/uploads\/2025\/06\/INCIDENCIAS-768x433.jpg 768w, https:\/\/www.acapulcopress.com\/wp-content\/uploads\/2025\/06\/INCIDENCIAS-580x327.jpg 580w, https:\/\/www.acapulcopress.com\/wp-content\/uploads\/2025\/06\/INCIDENCIAS-1160x654.jpg 1160w, https:\/\/www.acapulcopress.com\/wp-content\/uploads\/2025\/06\/INCIDENCIAS.jpg 1280w\" sizes=\"auto, (max-width: 860px) 100vw, 860px\" \/><\/p>\n<p><em>) acapulcopress.com<\/em><\/p>\n","protected":false},"excerpt":{"rendered":"<p>CIUDAD DE M\u00c9XICO * 10 de junio 2025 ) Las Ma\u00f1aneras En el marco de la conferencia matutina encabezada por la presidenta Claudia Sheinbaum, el gabinete de seguridad federal present\u00f3 avances en materia de seguridad y programas sociales, donde Guerrero destac\u00f3 entre los estados con acciones dentro de la estrategia nacional coordinada para la pacificaci\u00f3n&#8230;<\/p>\n","protected":false},"author":1,"featured_media":41063,"comment_status":"open","ping_status":"open","sticky":false,"template":"","format":"standard","meta":{"footnotes":""},"categories":[2080],"tags":[],"class_list":["post-41061","post","type-post","status-publish","format-standard","has-post-thumbnail","hentry","category-regiones-de-guerrero"],"_links":{"self":[{"href":"https:\/\/www.acapulcopress.com\/index.php\/wp-json\/wp\/v2\/posts\/41061","targetHints":{"allow":["GET"]}}],"collection":[{"href":"https:\/\/www.acapulcopress.com\/index.php\/wp-json\/wp\/v2\/posts"}],"about":[{"href":"https:\/\/www.acapulcopress.com\/index.php\/wp-json\/wp\/v2\/types\/post"}],"author":[{"embeddable":true,"href":"https:\/\/www.acapulcopress.com\/index.php\/wp-json\/wp\/v2\/users\/1"}],"replies":[{"embeddable":true,"href":"https:\/\/www.acapulcopress.com\/index.php\/wp-json\/wp\/v2\/comments?post=41061"}],"version-history":[{"count":2,"href":"https:\/\/www.acapulcopress.com\/index.php\/wp-json\/wp\/v2\/posts\/41061\/revisions"}],"predecessor-version":[{"id":41069,"href":"https:\/\/www.acapulcopress.com\/index.php\/wp-json\/wp\/v2\/posts\/41061\/revisions\/41069"}],"wp:featuredmedia":[{"embeddable":true,"href":"https:\/\/www.acapulcopress.com\/index.php\/wp-json\/wp\/v2\/media\/41063"}],"wp:attachment":[{"href":"https:\/\/www.acapulcopress.com\/index.php\/wp-json\/wp\/v2\/media?parent=41061"}],"wp:term":[{"taxonomy":"category","embeddable":true,"href":"https:\/\/www.acapulcopress.com\/index.php\/wp-json\/wp\/v2\/categories?post=41061"},{"taxonomy":"post_tag","embeddable":true,"href":"https:\/\/www.acapulcopress.com\/index.php\/wp-json\/wp\/v2\/tags?post=41061"}],"curies":[{"name":"wp","href":"https:\/\/api.w.org\/{rel}","templated":true}]}}