{"id":41070,"date":"2025-06-10T12:33:50","date_gmt":"2025-06-10T18:33:50","guid":{"rendered":"https:\/\/www.acapulcopress.com\/?p=41070"},"modified":"2025-06-10T12:33:50","modified_gmt":"2025-06-10T18:33:50","slug":"que-impacto-tiene-la-nueva-prohibicion-de-viajes-de-trump","status":"publish","type":"post","link":"https:\/\/www.acapulcopress.com\/index.php\/2025\/06\/10\/que-impacto-tiene-la-nueva-prohibicion-de-viajes-de-trump\/","title":{"rendered":"\u00bfQu\u00e9 impacto tiene la nueva prohibici\u00f3n de viajes de Trump?"},"content":{"rendered":"<p>WASHINGTON * 10 de junio 2025<br \/>\n<em>) <a href=\"https:\/\/www.dw.com\/es\/qu%C3%A9-impacto-tiene-la-nueva-prohibici%C3%B3n-de-viajes-de-trump\/a-72849484\" target=\"_blank\" rel=\"noopener\">DW <\/a><br \/>\n<\/em>La orden del presidente de Estados Unidos proh\u00edbe la entrada a ciudadanos de 12 pa\u00edses y la restringe para otros 7. Ya est\u00e1 en vigor. Apunta contra \u00abterroristas extranjeros\u00bb. \u00bfQui\u00e9nes est\u00e1n afectados o exentos y por qu\u00e9?<\/p>\n<p>No se trata de una nueva orden ejecutiva, sino de una proclamaci\u00f3n presidencial, con efectos en numerosas latitudes del mundo. La medida, firmada por el presidente estadounidense Donald Trump la semana pasada, se titula \u00abRestricci\u00f3n de la entrada de extranjeros para proteger a Estados Unidos de terroristas extranjeros y otras amenazas a la seguridad nacional y p\u00fablica\u00bb y entr\u00f3 en vigor este lunes 9 de junio.<\/p>\n<p><strong>\u00bfQu\u00e9 es una proclamaci\u00f3n presidencial?<\/strong><\/p>\n<p>Al igual que las \u00f3rdenes ejecutivas, las proclamaciones presidenciales son uno de los instrumentos con los que un presidente estadounidense puede implementar la voluntad de su administraci\u00f3n, en particular en materia de seguridad nacional e inmigraci\u00f3n.<\/p>\n<p>A diferencia de las leyes, estos documentos no requieren la aprobaci\u00f3n del Congreso. Sin embargo, deben basarse en las facultades otorgadas por la ley. En cuanto a su contenido, la nueva proclamaci\u00f3n de Trump se vincula con las prohibiciones de viaje impuestas previamente durante su primer mandato, que la Corte Suprema confirm\u00f3 en 2018.<\/p>\n<p><strong>\u00bfQu\u00e9 nacionalidades se ven totalmente afectadas?<\/strong><\/p>\n<p>La proclamaci\u00f3n proh\u00edbe la entrada a Estados Unidos a todos los ciudadanos de Afganist\u00e1n, Birmania, Chad, Rep\u00fablica Democr\u00e1tica del Congo, Guinea Ecuatorial, Eritrea, Hait\u00ed, Ir\u00e1n, Libia, Somalia, Sud\u00e1n y Yemen, independientemente del motivo de su viaje, a menos que el Departamento de Estado considere que su entrada al pa\u00eds es de inter\u00e9s nacional.<\/p>\n<p><strong>\u00bfQu\u00e9 nacionalidades se ven parcialmente afectadas?<\/strong><\/p>\n<p>Adem\u00e1s de estos 12 pa\u00edses, las personas de siete naciones adicionales enfrentar\u00e1n restricciones parciales: Burundi, Cuba, Laos, Sierra Leona, Togo, Turkmenist\u00e1n y Venezuela. Se aplicar\u00e1n controles y restricciones de visado m\u00e1s estrictos, y estos tambi\u00e9n depender\u00e1n de cada caso. Un empresario adinerado podr\u00eda tener acceso, mientras que los turistas o estudiantes podr\u00edan enfrentar mayores obst\u00e1culos.<\/p>\n<p><strong>\u00bfQu\u00e9 relaci\u00f3n tiene la medida con el ataque en Boulder, Colorado?<\/strong><\/p>\n<p>En un video publicado en redes sociales, Trump cit\u00f3 el ataque del 1 de junio en Boulder, Colorado, como la raz\u00f3n de la orden, al afirmar que \u00abpone de relieve los peligros extremos que representa para nuestro pa\u00eds la entrada de extranjeros que no son debidamente investigados\u00bb. Tambi\u00e9n afirm\u00f3 que los ciudadanos de ciertos pa\u00edses representan \u00abriesgos significativos\u00bb al permanecer en el pa\u00eds m\u00e1s all\u00e1 del plazo de sus visas.<\/p>\n<p>Un hombre egipcio fue acusado de herir a varias personas al lanzar c\u00f3cteles molotov durante una manifestaci\u00f3n en Boulder que exig\u00eda la liberaci\u00f3n de rehenes secuestrados por el grupo terrorista palestino Ham\u00e1s en Gaza. Seg\u00fan el Departamento de Seguridad Nacional de Estados Unidos, hab\u00eda permanecido en el pa\u00eds m\u00e1s all\u00e1 del plazo de su visa de turista. Egipto no figura en la nueva proclamaci\u00f3n de Trump.<\/p>\n<p>En la proclamaci\u00f3n, el presidente republicano argumenta que los pa\u00edses afectados por la nueva prohibici\u00f3n de viajes no proporcionan suficiente informaci\u00f3n sobre sus ciudadanos para evaluar los posibles riesgos de seguridad. Algunos de los pa\u00edses incluidos en la lista, como Ir\u00e1n y Cuba, fueron designados por Washington como \u00abEstados patrocinadores del terrorismo\u00bb. Esta nueva prohibici\u00f3n endurecer\u00e1 las medidas ya existentes.<\/p>\n<p>La administraci\u00f3n Trump ha criticado que algunos pa\u00edses no acepten el regreso de sus ciudadanos cuando Estados Unidos les exige que se vayan.<\/p>\n<p>Sin embargo, los cr\u00edticos han especulado que la prohibici\u00f3n tiene motivos pol\u00edticos y econ\u00f3micos, y se\u00f1ala que Arabia Saudita y otros pa\u00edses con los que la familia Trump mantiene estrechos v\u00ednculos comerciales no se ver\u00e1n afectados.<\/p>\n<p>\u00bfQui\u00e9nes estar\u00e1n exentos de las nuevas restricciones?<\/p>\n<p><strong><em>* Titulares de Green Card<\/em><\/strong><br \/>\n<strong><em>* Personas con doble nacionalidad y pasaporte estadounidense<\/em><\/strong><br \/>\n<strong><em>* Atletas y entrenadores que participen en \u00abgrandes\u00bb competencias en Estados Unidos<\/em><\/strong><br \/>\n<strong><em>* Ciudadanos afganos que trabajaron para o en nombre del gobierno estadounidense o de la ISAF, con Visas Especiales de Inmigrante (SIV)<\/em><\/strong><br \/>\n<strong><em>* Ciudadanos iran\u00edes con visas de inmigrante para minor\u00edas \u00e9tnicas y religiosas que enfrentan persecuci\u00f3n en Ir\u00e1n<\/em><\/strong><br \/>\n<strong><em>* Diplom\u00e1ticos extranjeros y representantes de organizaciones internacionales en visitas oficiales a Estados Unidos<\/em><\/strong><br \/>\n<strong><em>* Familiares cercanos de ciudadanos estadounidenses (padres, hijos, c\u00f3nyuges)<\/em><\/strong><br \/>\n<strong><em>* Hijos adoptivos de ciudadanos estadounidenses<\/em><\/strong><br \/>\n<strong><em>* Ciertos empleados extranjeros del Gobierno estadounidense que hayan prestado servicios en el extranjero por al menos 15 a\u00f1os<\/em><\/strong><br \/>\n<strong><em>* Personas a las que se les concedi\u00f3 asilo o fueron admitidos en Estados Unidos como refugiados antes de la entrada en vigor de la prohibici\u00f3n<\/em><\/strong><\/p>\n<p>Si no est\u00e1n exentos, los ciudadanos de los pa\u00edses prohibidos ya no pueden ingresar al pa\u00eds desde el 9 de junio para viajes de negocios, viajes educativos o visitas familiares. Es probable que la decisi\u00f3n tambi\u00e9n tenga repercusiones econ\u00f3micas. Los pa\u00edses m\u00e1s pobres de la lista, en particular, como Hait\u00ed y Yemen, se han beneficiado de los lazos comerciales con Estados Unidos, as\u00ed como de las remesas enviadas por personas que viven y trabajan en el pa\u00eds.<\/p>\n<p>Grupos de derechos humanos afirman que la prohibici\u00f3n de viajes es racista y discriminatoria, y se\u00f1alan que los refugiados y solicitantes de asilo de regiones en conflicto perder\u00e1n ahora el acceso a los programas de protecci\u00f3n en Estados Unidos.<\/p>\n<p><em>) acapulcopress.com<\/em><\/p>\n","protected":false},"excerpt":{"rendered":"<p>WASHINGTON * 10 de junio 2025 ) DW La orden del presidente de Estados Unidos proh\u00edbe la entrada a ciudadanos de 12 pa\u00edses y la restringe para otros 7. Ya est\u00e1 en vigor. Apunta contra \u00abterroristas extranjeros\u00bb. \u00bfQui\u00e9nes est\u00e1n afectados o exentos y por qu\u00e9? No se trata de una nueva orden ejecutiva, sino de&#8230;<\/p>\n","protected":false},"author":1,"featured_media":41071,"comment_status":"open","ping_status":"open","sticky":false,"template":"","format":"standard","meta":{"footnotes":""},"categories":[2024,2010],"tags":[],"class_list":["post-41070","post","type-post","status-publish","format-standard","has-post-thumbnail","hentry","category-politica-activism","category-sociedad"],"_links":{"self":[{"href":"https:\/\/www.acapulcopress.com\/index.php\/wp-json\/wp\/v2\/posts\/41070","targetHints":{"allow":["GET"]}}],"collection":[{"href":"https:\/\/www.acapulcopress.com\/index.php\/wp-json\/wp\/v2\/posts"}],"about":[{"href":"https:\/\/www.acapulcopress.com\/index.php\/wp-json\/wp\/v2\/types\/post"}],"author":[{"embeddable":true,"href":"https:\/\/www.acapulcopress.com\/index.php\/wp-json\/wp\/v2\/users\/1"}],"replies":[{"embeddable":true,"href":"https:\/\/www.acapulcopress.com\/index.php\/wp-json\/wp\/v2\/comments?post=41070"}],"version-history":[{"count":1,"href":"https:\/\/www.acapulcopress.com\/index.php\/wp-json\/wp\/v2\/posts\/41070\/revisions"}],"predecessor-version":[{"id":41072,"href":"https:\/\/www.acapulcopress.com\/index.php\/wp-json\/wp\/v2\/posts\/41070\/revisions\/41072"}],"wp:featuredmedia":[{"embeddable":true,"href":"https:\/\/www.acapulcopress.com\/index.php\/wp-json\/wp\/v2\/media\/41071"}],"wp:attachment":[{"href":"https:\/\/www.acapulcopress.com\/index.php\/wp-json\/wp\/v2\/media?parent=41070"}],"wp:term":[{"taxonomy":"category","embeddable":true,"href":"https:\/\/www.acapulcopress.com\/index.php\/wp-json\/wp\/v2\/categories?post=41070"},{"taxonomy":"post_tag","embeddable":true,"href":"https:\/\/www.acapulcopress.com\/index.php\/wp-json\/wp\/v2\/tags?post=41070"}],"curies":[{"name":"wp","href":"https:\/\/api.w.org\/{rel}","templated":true}]}}