{"id":41118,"date":"2025-06-10T21:20:16","date_gmt":"2025-06-11T03:20:16","guid":{"rendered":"https:\/\/www.acapulcopress.com\/?p=41118"},"modified":"2025-06-10T22:02:47","modified_gmt":"2025-06-11T04:02:47","slug":"carteles-mexicanos-reclutan-colombianos-revela-harfuch","status":"publish","type":"post","link":"https:\/\/www.acapulcopress.com\/index.php\/2025\/06\/10\/carteles-mexicanos-reclutan-colombianos-revela-harfuch\/","title":{"rendered":"C\u00e1rteles mexicanos reclutan sicarios colombianos, revela Harfuch"},"content":{"rendered":"<p>CHILPANCINGO * 10 de junio 2025<br \/>\n) LXVI legislatura | Guerrero<br \/>\nEl secretario de Seguridad de M\u00e9xico, <strong>Omar Garc\u00eda Harfuch<\/strong>, afirm\u00f3 que los poderosos c\u00e1rteles <em>Jalisco Nueva Generaci\u00f3n<\/em> y <em>Sinaloa<\/em> est\u00e1n reclutando a colombianos para integrarlos a esas organizaciones y es por ello que en las \u00faltimas semanas se impidi\u00f3 el ingreso al pa\u00eds de 69 colombianos, algunos de los cuales reconocieron que fueron captados por esos grupos.<\/p>\n<p>As\u00ed lo anunci\u00f3 Garc\u00eda Harfuch durante la conferencia presidencial matutina al referirse a la operaci\u00f3n que realizaron la semana pasada las fuerzas mexicanas en el estado occidental de Michoac\u00e1n donde fueron detenidas 17 personas \u201412 de ellas eran colombianas\u2014 por su presunta vinculaci\u00f3n con la explosi\u00f3n de una mina que dej\u00f3 ocho militares muertos.<\/p>\n<p>Tras el intercambio de informaci\u00f3n entre autoridades de M\u00e9xico y Colombia, se determin\u00f3 que, de los 12 colombianos apresados y despu\u00e9s vinculados a proceso, nueve eran exmilitares y otros tres eran civiles con formaci\u00f3n militar en el uso de armas, precis\u00f3 el secretario de seguridad federal. Asimismo, descart\u00f3 que los detenidos hayan formado parte de alg\u00fan grupo irregular colombiano.<\/p>\n<p>El embajador de Colombia en M\u00e9xico, Fernando Garc\u00eda, expres\u00f3 la semana pasada preocupaci\u00f3n por las detenciones y dijo que eso tendr\u00eda un impacto negativo en las negociaciones para que se disminuyan las inadmisiones de colombianos en los aeropuertos mexicanos.<\/p>\n<p>En marzo, Colombia inform\u00f3 que las conversaciones para reducir estos casos avanzaban positivamente con las autoridades mexicanas con mecanismos que agilizaran la verificaci\u00f3n de datos para la entrada de colombianos.<\/p>\n<p>En el marco de las recientes investigaciones y en coordinaci\u00f3n con las autoridades de Colombia, M\u00e9xico regres\u00f3 69 colombianos a su pa\u00eds de origen. Al respecto, Garc\u00eda Harfuch mencion\u00f3 que algunos de ellos se\u00f1alaron en las entrevistas ante las autoridades migratorias que \u201chab\u00edan sido cooptados por alg\u00fan grupo delictivo\u201d.<\/p>\n<p>En octubre del 2023, las autoridades mexicanas arrestaron a ocho colombianos tambi\u00e9n en Michoac\u00e1n por su presunta vinculaci\u00f3n con un grupo delictivo que se dedicaba a la fabricaci\u00f3n de explosivos para drones, que son utilizados por los c\u00e1rteles mexicanos.<\/p>\n<p>) acapulcopress.com<\/p>\n","protected":false},"excerpt":{"rendered":"<p>El secretario de Seguridad de M\u00e9xico, Omar Garc\u00eda Harfuch, afirm\u00f3 que los poderosos c\u00e1rteles Jalisco Nueva Generaci\u00f3n y Sinaloa est\u00e1n reclutando a colombianos para integrarlos a esas organizaciones<\/p>\n","protected":false},"author":1,"featured_media":41119,"comment_status":"open","ping_status":"open","sticky":false,"template":"","format":"standard","meta":{"footnotes":""},"categories":[1997],"tags":[5304,18434,13940],"class_list":["post-41118","post","type-post","status-publish","format-standard","has-post-thumbnail","hentry","category-noticias-destacadas","tag-cartel-de-sinaloa","tag-jalisco-nueva-generacion","tag-omar-garcia-harfuch"],"_links":{"self":[{"href":"https:\/\/www.acapulcopress.com\/index.php\/wp-json\/wp\/v2\/posts\/41118","targetHints":{"allow":["GET"]}}],"collection":[{"href":"https:\/\/www.acapulcopress.com\/index.php\/wp-json\/wp\/v2\/posts"}],"about":[{"href":"https:\/\/www.acapulcopress.com\/index.php\/wp-json\/wp\/v2\/types\/post"}],"author":[{"embeddable":true,"href":"https:\/\/www.acapulcopress.com\/index.php\/wp-json\/wp\/v2\/users\/1"}],"replies":[{"embeddable":true,"href":"https:\/\/www.acapulcopress.com\/index.php\/wp-json\/wp\/v2\/comments?post=41118"}],"version-history":[{"count":3,"href":"https:\/\/www.acapulcopress.com\/index.php\/wp-json\/wp\/v2\/posts\/41118\/revisions"}],"predecessor-version":[{"id":41126,"href":"https:\/\/www.acapulcopress.com\/index.php\/wp-json\/wp\/v2\/posts\/41118\/revisions\/41126"}],"wp:featuredmedia":[{"embeddable":true,"href":"https:\/\/www.acapulcopress.com\/index.php\/wp-json\/wp\/v2\/media\/41119"}],"wp:attachment":[{"href":"https:\/\/www.acapulcopress.com\/index.php\/wp-json\/wp\/v2\/media?parent=41118"}],"wp:term":[{"taxonomy":"category","embeddable":true,"href":"https:\/\/www.acapulcopress.com\/index.php\/wp-json\/wp\/v2\/categories?post=41118"},{"taxonomy":"post_tag","embeddable":true,"href":"https:\/\/www.acapulcopress.com\/index.php\/wp-json\/wp\/v2\/tags?post=41118"}],"curies":[{"name":"wp","href":"https:\/\/api.w.org\/{rel}","templated":true}]}}