{"id":41134,"date":"2025-06-10T09:15:15","date_gmt":"2025-06-10T15:15:15","guid":{"rendered":"https:\/\/www.acapulcopress.com\/?p=41134"},"modified":"2025-06-11T09:26:01","modified_gmt":"2025-06-11T15:26:01","slug":"acapulco-ya-cuenta-con-manual-de-imagen-urbana","status":"publish","type":"post","link":"https:\/\/www.acapulcopress.com\/index.php\/2025\/06\/10\/acapulco-ya-cuenta-con-manual-de-imagen-urbana\/","title":{"rendered":"Acapulco ya cuenta con Manual de Imagen Urbana"},"content":{"rendered":"<p>ACAPULCO * 10 de junio 2025<br \/>\n<em>) Gobierno de Acapulco<br \/>\n<\/em>Acompa\u00f1ado de la\u00a0alcaldesa<strong> Abelina L\u00f3pez Rodr\u00edguez, <\/strong>el subsecretario de Turismo federal, <strong>Sebasti\u00e1n Ram\u00edrez Mendoza<\/strong>, present\u00f3 el <img loading=\"lazy\" decoding=\"async\" class=\"alignleft wp-image-41136 size-cmsmasters-square-thumb\" src=\"https:\/\/www.acapulcopress.com\/wp-content\/uploads\/2025\/06\/SEBASTIAN-RAMIREZ-360x360.jpg\" alt=\"\" width=\"360\" height=\"360\" srcset=\"https:\/\/www.acapulcopress.com\/wp-content\/uploads\/2025\/06\/SEBASTIAN-RAMIREZ-360x360.jpg 360w, https:\/\/www.acapulcopress.com\/wp-content\/uploads\/2025\/06\/SEBASTIAN-RAMIREZ-150x150.jpg 150w, https:\/\/www.acapulcopress.com\/wp-content\/uploads\/2025\/06\/SEBASTIAN-RAMIREZ-70x70.jpg 70w\" sizes=\"auto, (max-width: 360px) 100vw, 360px\" \/><em>Manual de Imagen Urbana<\/em> del municipio.<\/p>\n<p>En la Sala de Cabildo, el funcionarios federal expuso que este manual sentar\u00e1 las bases sobre c\u00f3mo quedar\u00e1 integrada la imagen del puerto, el cual forma parte de la estrategia \u201cAcapulco se Transforma Contigo\u201d, impulsada por la presidente de la Rep\u00fablica, <strong>Claudia Sheinbaum Pardo<\/strong>, tras el paso de los huracanes \u201cOtis\u201d y \u201cJohn\u201d en Acapulco.<\/p>\n<p>Ram\u00edrez Mendoza a\u00f1adi\u00f3 que con este manual de imagen urbana el gobierno municipal har\u00e1 historia, pues establecer\u00e1 el dise\u00f1o que tendr\u00e1 Acapulco para los pr\u00f3ximos a\u00f1os.<\/p>\n<p>Durante la presentaci\u00f3n del documento se mostraron temas como la vegetaci\u00f3n, iluminaci\u00f3n, se\u00f1al\u00e9tica, fachadas, integraci\u00f3n art\u00edstica, senderos seguros, corredores tur\u00edsticos, mobiliario urbano, entre otros.<\/p>\n<p><em>) acapulcopress.com<\/em><\/p>\n","protected":false},"excerpt":{"rendered":"<p>Acompa\u00f1ado de la\u00a0alcaldesa Abelina L\u00f3pez Rodr\u00edguez, el subsecretario de Turismo federal, Sebasti\u00e1n Ram\u00edrez Mendoza, present\u00f3 el Manual de Imagen Urbana del municipio.<\/p>\n<p>En la Sala de Cabildo, el funcionarios federal expuso que este manual sentar\u00e1 las bases sobre c\u00f3mo quedar\u00e1 integrada la imagen del puerto, el cual forma parte de la estrategia \u201cAcapulco se Transforma Contigo\u201d, impulsada por la presidente de la Rep\u00fablica, Claudia Sheinbaum Pardo, tras el paso de los huracanes \u201cOtis\u201d y \u201cJohn\u201d en Acapulco.<\/p>\n<p>Ram\u00edrez Mendoza a\u00f1adi\u00f3 que con este manual de imagen urbana el gobierno municipal har\u00e1 historia, pues establecer\u00e1 el dise\u00f1o que tendr\u00e1 Acapulco para los pr\u00f3ximos a\u00f1os.<\/p>\n","protected":false},"author":1,"featured_media":41135,"comment_status":"open","ping_status":"open","sticky":false,"template":"","format":"standard","meta":{"footnotes":""},"categories":[2009,2001],"tags":[3077,3177,9279,16115,16337],"class_list":["post-41134","post","type-post","status-publish","format-standard","has-post-thumbnail","hentry","category-politics","category-relaciones-diplomaticas","tag-abelina-lopez-rodriguez","tag-acapulco-se-transforma-contigo","tag-gobierno-de-acapulco","tag-sebastian-ramirez-mendoza","tag-sectur-mexico"],"_links":{"self":[{"href":"https:\/\/www.acapulcopress.com\/index.php\/wp-json\/wp\/v2\/posts\/41134","targetHints":{"allow":["GET"]}}],"collection":[{"href":"https:\/\/www.acapulcopress.com\/index.php\/wp-json\/wp\/v2\/posts"}],"about":[{"href":"https:\/\/www.acapulcopress.com\/index.php\/wp-json\/wp\/v2\/types\/post"}],"author":[{"embeddable":true,"href":"https:\/\/www.acapulcopress.com\/index.php\/wp-json\/wp\/v2\/users\/1"}],"replies":[{"embeddable":true,"href":"https:\/\/www.acapulcopress.com\/index.php\/wp-json\/wp\/v2\/comments?post=41134"}],"version-history":[{"count":2,"href":"https:\/\/www.acapulcopress.com\/index.php\/wp-json\/wp\/v2\/posts\/41134\/revisions"}],"predecessor-version":[{"id":41138,"href":"https:\/\/www.acapulcopress.com\/index.php\/wp-json\/wp\/v2\/posts\/41134\/revisions\/41138"}],"wp:featuredmedia":[{"embeddable":true,"href":"https:\/\/www.acapulcopress.com\/index.php\/wp-json\/wp\/v2\/media\/41135"}],"wp:attachment":[{"href":"https:\/\/www.acapulcopress.com\/index.php\/wp-json\/wp\/v2\/media?parent=41134"}],"wp:term":[{"taxonomy":"category","embeddable":true,"href":"https:\/\/www.acapulcopress.com\/index.php\/wp-json\/wp\/v2\/categories?post=41134"},{"taxonomy":"post_tag","embeddable":true,"href":"https:\/\/www.acapulcopress.com\/index.php\/wp-json\/wp\/v2\/tags?post=41134"}],"curies":[{"name":"wp","href":"https:\/\/api.w.org\/{rel}","templated":true}]}}