{"id":41145,"date":"2025-06-11T14:41:08","date_gmt":"2025-06-11T20:41:08","guid":{"rendered":"https:\/\/www.acapulcopress.com\/?p=41145"},"modified":"2025-06-11T14:45:11","modified_gmt":"2025-06-11T20:45:11","slug":"guerrero-conquisto-cuatro-medallas-en-gudalajara","status":"publish","type":"post","link":"https:\/\/www.acapulcopress.com\/index.php\/2025\/06\/11\/guerrero-conquisto-cuatro-medallas-en-gudalajara\/","title":{"rendered":"Guerrero conquist\u00f3 cuatro medallas en Gudalajara"},"content":{"rendered":"<p>GUADALAJARA, Jal. * 11 de junio 2025<br \/>\n<em>) Indeg<\/em><br \/>\n<img loading=\"lazy\" decoding=\"async\" class=\"alignleft size-cmsmasters-square-thumb wp-image-41147\" src=\"https:\/\/www.acapulcopress.com\/wp-content\/uploads\/2025\/06\/KARATE2-360x360.jpg\" alt=\"\" width=\"360\" height=\"360\" srcset=\"https:\/\/www.acapulcopress.com\/wp-content\/uploads\/2025\/06\/KARATE2-360x360.jpg 360w, https:\/\/www.acapulcopress.com\/wp-content\/uploads\/2025\/06\/KARATE2-150x150.jpg 150w, https:\/\/www.acapulcopress.com\/wp-content\/uploads\/2025\/06\/KARATE2-70x70.jpg 70w\" sizes=\"auto, (max-width: 360px) 100vw, 360px\" \/>La delegaci\u00f3n guerrerense logr\u00f3 una destacada actuaci\u00f3n en el <em>Campeonato Nacional de Grados Kyu Guadalajara 2025,<\/em> evento oficial convocado por la Federaci\u00f3n de Karate M\u00e9xico, en el que particip\u00f3 la <em>Asociaci\u00f3n Estatal de Karate y Artes Marciales Afines de Guerrero A.C<\/em>, inform\u00f3 el <em>Instituto del Deporte del Estado de Guerrero (Indej)<\/em>.<\/p>\n<p>El INDEG dio a conocer que este fin de semana se celebr\u00f3 el campeonato en las instalaciones del Domo del CODE Alcalde de la ciudad de Guadalajara, Jalisco, donde la delegaci\u00f3n Guerrero conquist\u00f3 cuatro medallas: Dos de oro y dos de bronce.<\/p>\n<p>El peque\u00f1o karateca <strong>Adri\u00e1n Mart\u00ednez Garc\u00eda<\/strong>, bicampe\u00f3n de la categor\u00eda 8\u20119 a\u00f1os, se impuso en la modalidad de kata y repiti\u00f3 triunfo en combate, obteniendo dos preseas doradas. Su hermano, <strong>Juan Mart\u00ednez Garc\u00eda<\/strong>, en la categor\u00eda 10\u201111 a\u00f1os, obtuvo medallas de bronce en ambas modalidades, demostrando el gran nivel competitivo del Dojo Team Grande Garc\u00eda Karate\u2011Do de Acapulco.<\/p>\n<p>El Instituto del Deporte enfatiz\u00f3 que ambos j\u00f3venes talentos estuvieron acompa\u00f1ados y guiados por su entrenador y coach, el profesor <strong>Sa\u00fal Grande Daniel<\/strong>, cuya experiencia y dedicaci\u00f3n han sido fundamentales para el desarrollo t\u00e9cnico y la formaci\u00f3n de estos atletas en el alto rendimiento.<\/p>\n<p><em>) acapulcopress.com<\/em><\/p>\n","protected":false},"excerpt":{"rendered":"<p>La delegaci\u00f3n guerrerense logr\u00f3 una destacada actuaci\u00f3n en el Campeonato Nacional de Grados Kyu Guadalajara 2025, evento oficial convocado por la Federaci\u00f3n de Karate M\u00e9xico, en el que particip\u00f3 la Asociaci\u00f3n Estatal de Karate<\/p>\n","protected":false},"author":1,"featured_media":41146,"comment_status":"open","ping_status":"open","sticky":false,"template":"","format":"standard","meta":{"footnotes":""},"categories":[1988,19],"tags":[18440,18439,18441],"class_list":["post-41145","post","type-post","status-publish","format-standard","has-post-thumbnail","hentry","category-lifestyles","category-sports","tag-asociacion-estatal-de-karate-y-artes-marciales-afines-de-guerrero-a-c","tag-campeonato-nacional-de-grados-kyu-guadalajara-2025","tag-instituto-del-deporte-del-estado-de-guerrero-indej"],"_links":{"self":[{"href":"https:\/\/www.acapulcopress.com\/index.php\/wp-json\/wp\/v2\/posts\/41145","targetHints":{"allow":["GET"]}}],"collection":[{"href":"https:\/\/www.acapulcopress.com\/index.php\/wp-json\/wp\/v2\/posts"}],"about":[{"href":"https:\/\/www.acapulcopress.com\/index.php\/wp-json\/wp\/v2\/types\/post"}],"author":[{"embeddable":true,"href":"https:\/\/www.acapulcopress.com\/index.php\/wp-json\/wp\/v2\/users\/1"}],"replies":[{"embeddable":true,"href":"https:\/\/www.acapulcopress.com\/index.php\/wp-json\/wp\/v2\/comments?post=41145"}],"version-history":[{"count":3,"href":"https:\/\/www.acapulcopress.com\/index.php\/wp-json\/wp\/v2\/posts\/41145\/revisions"}],"predecessor-version":[{"id":41151,"href":"https:\/\/www.acapulcopress.com\/index.php\/wp-json\/wp\/v2\/posts\/41145\/revisions\/41151"}],"wp:featuredmedia":[{"embeddable":true,"href":"https:\/\/www.acapulcopress.com\/index.php\/wp-json\/wp\/v2\/media\/41146"}],"wp:attachment":[{"href":"https:\/\/www.acapulcopress.com\/index.php\/wp-json\/wp\/v2\/media?parent=41145"}],"wp:term":[{"taxonomy":"category","embeddable":true,"href":"https:\/\/www.acapulcopress.com\/index.php\/wp-json\/wp\/v2\/categories?post=41145"},{"taxonomy":"post_tag","embeddable":true,"href":"https:\/\/www.acapulcopress.com\/index.php\/wp-json\/wp\/v2\/tags?post=41145"}],"curies":[{"name":"wp","href":"https:\/\/api.w.org\/{rel}","templated":true}]}}