{"id":41152,"date":"2025-06-11T14:59:21","date_gmt":"2025-06-11T20:59:21","guid":{"rendered":"https:\/\/www.acapulcopress.com\/?p=41152"},"modified":"2025-06-11T15:01:42","modified_gmt":"2025-06-11T21:01:42","slug":"auguran-mas-lluvias-la-tarde-noche-de-este-miercoles","status":"publish","type":"post","link":"https:\/\/www.acapulcopress.com\/index.php\/2025\/06\/11\/auguran-mas-lluvias-la-tarde-noche-de-este-miercoles\/","title":{"rendered":"Auguran m\u00e1s lluvias la tarde\/noche de este mi\u00e9rcoles"},"content":{"rendered":"<p>CHILPANCINGO * 11 de junio 2025<br \/>\n<em>) Proteccion Civil Guerrero<\/em><br \/>\nLa Secretar\u00eda de Protecci\u00f3n Civil inform\u00f3 que para este mi\u00e9rcoles se prev\u00e9n condiciones de cielo parcialmente nublado, con probabilidad de lluvias de ligeras a moderadas, principalmente durante la tarde y noche, en las regiones Acapulco, Sierra, Centro, Monta\u00f1a y Costa Chica.<\/p>\n<p>La dependencia estatal hace un llamado a la poblaci\u00f3n en general, para que en esta temporada de lluvias se extremen las medidas de precauci\u00f3n necesarias, sobre todo para quienes habitan en zonas consideradas como de alto riesgo.<\/p>\n<p>Dichas condiciones climatol\u00f3gicas ser\u00e1n favorecidas por el ingreso de Aire Mar\u00edtimo Tropical del Oc\u00e9ano Pac\u00edfico, as\u00ed como por un Canal de Baja Presi\u00f3n que se extiende al norte del estado, lo que favorecer\u00e1 el desarrollo de nubosidad por la tarde, noche y madrugada.<\/p>\n<p>De igual modo, se inform\u00f3 que se mantiene en vigilancia a una Zona de Baja Presi\u00f3n que presenta 90% de probabilidad para desarrollo cicl\u00f3nico en 7 d\u00edas y 30% a 48 horas, mismo que se ubica esta ma\u00f1ana a 900 Kil\u00f3metros al sur de Oaxaca y ante la eventual posibilidad de que avance muy cerca y paralela a las costas nacionales provocando lluvias muy fuertes a intensas en Guerrero durante el fin de semana.<\/p>\n<p>Cabe se\u00f1alar que las precipitaciones pronosticadas para este d\u00eda, podr\u00edan generar derrumbes y deslaves, incremento en niveles de r\u00edos y arroyos, as\u00ed como desbordamientos e inundaciones en zonas bajas de la entidad.<\/p>\n<p>La dependencia estatal recomienda no propagar rumores, consultar fuentes oficiales y seguir las recomendaciones de las autoridades de Protecci\u00f3n Civil, as\u00ed como reportar cualquier incidencia al n\u00famero de emergencias 9-1-1.<\/p>\n<p><em>) acapulcopress.com<\/em><\/p>\n","protected":false},"excerpt":{"rendered":"<p>La Secretar\u00eda de Protecci\u00f3n Civil inform\u00f3 que para este mi\u00e9rcoles se prev\u00e9n condiciones de cielo parcialmente nublado<\/p>\n","protected":false},"author":1,"featured_media":41153,"comment_status":"open","ping_status":"open","sticky":false,"template":"","format":"standard","meta":{"footnotes":""},"categories":[2036,1969],"tags":[18442,15099],"class_list":["post-41152","post","type-post","status-publish","format-standard","has-post-thumbnail","hentry","category-el-clima","category-trending","tag-lluvias-ligeras-a-moderadas","tag-proteccion-civil-guerrero"],"_links":{"self":[{"href":"https:\/\/www.acapulcopress.com\/index.php\/wp-json\/wp\/v2\/posts\/41152","targetHints":{"allow":["GET"]}}],"collection":[{"href":"https:\/\/www.acapulcopress.com\/index.php\/wp-json\/wp\/v2\/posts"}],"about":[{"href":"https:\/\/www.acapulcopress.com\/index.php\/wp-json\/wp\/v2\/types\/post"}],"author":[{"embeddable":true,"href":"https:\/\/www.acapulcopress.com\/index.php\/wp-json\/wp\/v2\/users\/1"}],"replies":[{"embeddable":true,"href":"https:\/\/www.acapulcopress.com\/index.php\/wp-json\/wp\/v2\/comments?post=41152"}],"version-history":[{"count":4,"href":"https:\/\/www.acapulcopress.com\/index.php\/wp-json\/wp\/v2\/posts\/41152\/revisions"}],"predecessor-version":[{"id":41157,"href":"https:\/\/www.acapulcopress.com\/index.php\/wp-json\/wp\/v2\/posts\/41152\/revisions\/41157"}],"wp:featuredmedia":[{"embeddable":true,"href":"https:\/\/www.acapulcopress.com\/index.php\/wp-json\/wp\/v2\/media\/41153"}],"wp:attachment":[{"href":"https:\/\/www.acapulcopress.com\/index.php\/wp-json\/wp\/v2\/media?parent=41152"}],"wp:term":[{"taxonomy":"category","embeddable":true,"href":"https:\/\/www.acapulcopress.com\/index.php\/wp-json\/wp\/v2\/categories?post=41152"},{"taxonomy":"post_tag","embeddable":true,"href":"https:\/\/www.acapulcopress.com\/index.php\/wp-json\/wp\/v2\/tags?post=41152"}],"curies":[{"name":"wp","href":"https:\/\/api.w.org\/{rel}","templated":true}]}}