{"id":41158,"date":"2025-06-11T15:19:17","date_gmt":"2025-06-11T21:19:17","guid":{"rendered":"https:\/\/www.acapulcopress.com\/?p=41158"},"modified":"2025-06-11T15:19:49","modified_gmt":"2025-06-11T21:19:49","slug":"miguel-uribe-muestra-indicios-de-mejoria-tras-atentado","status":"publish","type":"post","link":"https:\/\/www.acapulcopress.com\/index.php\/2025\/06\/11\/miguel-uribe-muestra-indicios-de-mejoria-tras-atentado\/","title":{"rendered":"Miguel Uribe muestra \u201cindicios de mejor\u00eda\u201d tras atentado"},"content":{"rendered":"<p>BOGOT\u00c1, Co. * 11 de junio 2025<br \/>\n)<a href=\"https:\/\/www.france24.com\/es\/am%C3%A9rica-latina\/20250611-precandidato-presidencial-colombiano-miguel-uribe-muestra-indicios-de-mejor%C3%ADa-tras-atentado\" target=\"_blank\" rel=\"noopener\"><em> Reuters \/ Agencias \/ DW<\/em><\/a><br \/>\nPese al estado cr\u00edtico en que contin\u00faa, el precandidato a la Presidencia de Colombia, <strong>Miguel Uribe Turbay<\/strong>, empieza a mostrar leves signos de mejor\u00eda, inform\u00f3 este mi\u00e9rcoles el hospital Fundaci\u00f3n Santa Fe de Bogot\u00e1, donde permanece recluido. El pol\u00edtico de 39 a\u00f1os se debate entre la vida y la muerte tras ser v\u00edctima de un atentado en el que un joven de 15 a\u00f1os le propin\u00f3 tres disparos. Varios congresistas y precandidatos convocaron a la denominada marcha del silencio, para el pr\u00f3ximo domingo 15 de junio, para protestar contra ese ataque, mientras crece una nueva ola de violencia en el pa\u00eds.<\/p>\n<p><strong>Esperanza de un milagro<\/strong><\/p>\n<p>El senador de la oposici\u00f3n y precandidato a la Presidencia de Colombia, Miguel Uribe Turbay, permanece en cuidados intensivos tras recibir <img loading=\"lazy\" decoding=\"async\" class=\"alignleft size-cmsmasters-square-thumb wp-image-41160\" src=\"https:\/\/www.acapulcopress.com\/wp-content\/uploads\/2025\/06\/URIBE-360x360.jpeg\" alt=\"\" width=\"360\" height=\"360\" srcset=\"https:\/\/www.acapulcopress.com\/wp-content\/uploads\/2025\/06\/URIBE-360x360.jpeg 360w, https:\/\/www.acapulcopress.com\/wp-content\/uploads\/2025\/06\/URIBE-150x150.jpeg 150w, https:\/\/www.acapulcopress.com\/wp-content\/uploads\/2025\/06\/URIBE-70x70.jpeg 70w\" sizes=\"auto, (max-width: 360px) 100vw, 360px\" \/>tres disparos el pasado s\u00e1bado 7 de junio, pero ha mostrado signos de \u201cmejor\u00eda neurol\u00f3gica\u201d, inform\u00f3 este mi\u00e9rcoles 11 de junio el hospital donde se encuentra internado.<\/p>\n<p>\u201cEn medio de la severidad de su condici\u00f3n cl\u00ednica existen indicios de mejor\u00eda neurol\u00f3gica dada por una disminuci\u00f3n en el edema cerebral. Asimismo, se evidencia tendencia hacia la estabilizaci\u00f3n hemodin\u00e1mica\u201d, indica un comunicado del centro m\u00e9dico, Fundaci\u00f3n Santa Fe de Bogot\u00e1.<\/p>\n<p>El hospital agreg\u00f3 que Uribe Turbay permanece bajo estricta vigilancia neurol\u00f3gica y recibe el apoyo necesario en la UCI.<\/p>\n<p>Uribe, de 39 a\u00f1os y potencial candidato para ocupar la Casa de Nari\u00f1o, es miembro del partido opositor de derecha Centro Democr\u00e1tico. Recibi\u00f3 dos disparos en la cabeza y otro en una pierna mientras participaba en un acto de campa\u00f1a en un parque p\u00fablico de la capital colombiana.<\/p>\n<p>En los \u00faltimos d\u00edas, el tiroteo de Uribe y una serie de atentados con bombas en el suroeste del pa\u00eds han conmocionado a los colombianos, evocando d\u00e9cadas de miedo y violencia causadas por guerrillas armadas, grupos paramilitares y narcotraficantes.<\/p>\n<p>El presidente izquierdista Gustavo Petro, quien ha prometido pacificar el conflicto del pa\u00eds, encontr\u00f3 en Uribe Turbay un firme cr\u00edtico de su estrategia de seguridad destinada a poner fin a seis d\u00e9cadas de conflicto armado.<\/p>\n<p>El senador argument\u00f3 que la estrategia de Petro de suspender las ofensivas contra los grupos armados mientras las conversaciones de paz hab\u00edan fracasado ha sido contraproducente.<\/p>\n<p>\u00abMiles de colombianos sufren actualmente las terribles circunstancias y consecuencias de la guerra\u00bb, declar\u00f3 la esposa de Uribe, Mar\u00eda Claudia Tarazona, a la prensa a las afueras del hospital, mientras hac\u00eda un llamado a la paz.<\/p>\n<p>\u00abMiguel est\u00e1 donde est\u00e1 ahora porque luchaba por la unidad y la sanaci\u00f3n de un pa\u00eds en guerra\u00bb, a\u00f1adi\u00f3.<\/p>\n<p>Mientras el joven pol\u00edtico contin\u00faa luchando por su vida, varios congresistas y precandidatos a la presidencia convocaron a la denominada marcha del silencio para el pr\u00f3ximo domingo 15 de junio, en repudio al atentado contra Uribe Turbay, mientras crece una nueva ola de violencia en el pa\u00eds.<\/p>\n<p><strong>\u00bfC\u00f3mo va la investigaci\u00f3n del atentado?<br \/>\n<\/strong><br \/>\nMiguel Uribe se ha estado debatiendo entre la vida y la muerte luego de que un joven de 15 a\u00f1os le propinara tres disparos, dos de ellos en la cabeza.<\/p>\n<p>Pese a las im\u00e1genes captadas en video por parte de testigos en las que se ve al agresor adentrarse entre la multitud que escuchaba al precandidato presidencial en un parque de Bogot\u00e1 para posteriormente empu\u00f1ar el arma y detonar los disparos, el martes 10 de junio el joven se declar\u00f3 inocente de los cargos de los que es acusado.<\/p>\n<p>La Fiscal\u00eda lo imput\u00f3 de homicidio en grado de tentativa y porte ilegal de armas.<\/p>\n<p>Pero el menor permanece bajo custodia policial en un centro m\u00e9dico de la capital colombiana tras resultar herido en una pierna durante un intercambio de disparos con el aparato de seguridad del senador, desatado tras el ataque.<\/p>\n<p>Esta semana la fiscal general del pa\u00eds, Luz Adriana Camargo, inform\u00f3 en una rueda de prensa que las autoridades han desplegado un sistema de protecci\u00f3n para el agresor y su familia. El implicado fue incorporado al Programa de Protecci\u00f3n de V\u00edctimas, Testigos e Intermitentes, para resguardar tanto su integridad como la de su familia, subrayando la minor\u00eda de edad del atacante.<\/p>\n<p>Una decisi\u00f3n que reaviva a\u00fan m\u00e1s los cuestionamientos hacia el Gobierno y la legislaci\u00f3n colombiana y ampl\u00eda las divisiones pol\u00edticas. La tambi\u00e9n senadora de la oposici\u00f3n y precandidata al Ejecutivo, Mar\u00eda Fernanda Cabal, fue una de las figuras que arremeti\u00f3 contra la medida. \u201cEsta es la perversi\u00f3n del sistema\u201d, sostuvo.<\/p>\n<p>La polarizaci\u00f3n aumenta luego de que se conociera que el atentado contra Uribe Turbay podr\u00eda haberse evitado. Y es que el pasado 9 de junio la familia del precandidato entabl\u00f3 una demanda contra el director de la Unidad Nacional de Protecci\u00f3n, Augusto Rodr\u00edguez, por \u201comisi\u00f3n\u201d, debido a que, asegura, el senador se le negaron en una veintena de ocasiones sus solicitudes para reforzar su seguridad.<\/p>\n<p>\u201cEn 2023, la UNP hab\u00eda catalogado al senador con riesgo extraordinario, pero en 2024 no tuvo en cuenta que desde octubre ya era candidato a la presidencia y, por lo tanto, se le deb\u00edan mejorar sus condiciones de seguridad\u201d, remarc\u00f3 el abogado de la familia, V\u00edctor Mosquera.<\/p>\n<p>Como si fuera poco, el lunes 9 de junio el presidente Gustavo Petro asegur\u00f3 que el dispositivo de seguridad del aspirante a la Casa de Nari\u00f1o \u00abfue disminuido extra\u00f1amente\u00bb antes del ataque. Uribe Turbay contaba con siete escoltas, pero el d\u00eda de los hechos cuatro de ellos estaban de descanso.<\/p>\n<p><strong>\u00bfQui\u00e9n est\u00e1 detr\u00e1s del ataque contra Uribe Turbay?<br \/>\n<\/strong><br \/>\nEl ente acusador sostiene que contin\u00faan las investigaciones para tratar de esclarecer qui\u00e9n o qui\u00e9nes est\u00e1n detr\u00e1s del intento de asesinato que sigue conmocionando al pa\u00eds y reabre viejas heridas de la \u00e9poca de la violencia m\u00e1s sombr\u00eda entre la d\u00e9cada de 1980 y 1990.<\/p>\n<p>Seg\u00fan se\u00f1al\u00f3 la fiscal Luz Adriana Camargo, el pasado lunes, las autoridades estudian tres hip\u00f3tesis sobre los motivos de la agresi\u00f3n: un golpe a la oposici\u00f3n, un intento de desestabilizar al pa\u00eds y una respuesta de los grupos armados ilegales. La funcionaria, sin embargo, declin\u00f3 dar mayor peso a alguno de los indicios.<\/p>\n<p>Por su parte, el ministro de Defensa, Pedro S\u00e1nchez, asever\u00f3 el domingo que buscan determinar si el ataque responde o no a la figura pol\u00edtica de Uribe Turbay, un conservador que pertenece al partido opositor Centro Democr\u00e1tico y es cr\u00edtico del actual Gobierno de izquierda. Coincidi\u00f3 en que averiguan si se trata de \u201cdesestabilizar\u201d a la Administraci\u00f3n actual.<\/p>\n<p>Las autoridades aseguran que han recolectado 1.000 videos que est\u00e1n analizando con ayuda de programas de reconocimiento facial y que incluyen el recorrido que hizo el agresor desde que sali\u00f3 de su casa hasta que acudi\u00f3 al mitin. Tambi\u00e9n allanaron su vivienda buscando pruebas.<\/p>\n<p>Los investigadores han realizado m\u00e1s de 20 entrevistas con personas que participaban en el mitin, pero no han capturado a ning\u00fan otro sospechoso. Las autoridades ofrecen una recompensa de 3.000 millones de pesos colombianos, equivalentes a alrededor de 720.000 d\u00f3lares, por informaci\u00f3n que conduzca a los autores intelectuales del atentado.<\/p>\n<p>Esta no es la primera vez que la familia de Uribe Turbay vive en carne propia la violencia en Colombia. El senador y nieto del expresidente del pa\u00eds, Julio C\u00e9sar Turbay, es hijo de la reconocida y fallecida periodista Diana Turbay, quien fue secuestrada por un grupo de narcotraficantes en 1991, cuando el ahora precandidato era un ni\u00f1o. La reportera muri\u00f3 tras cinco meses en cautiverio en medio de un infructuoso rescate. Un hecho que, seg\u00fan declar\u00f3 el legislador en varias oportunidades, marc\u00f3 su vida y carrera pol\u00edtica.<\/p>\n<p><em>) acapulcopress.com<\/em><\/p>\n","protected":false},"excerpt":{"rendered":"<p>El precandidato a la Presidencia de Colombia, Miguel Uribe Turbay, empieza a mostrar leves signos de mejor\u00eda.<\/p>\n","protected":false},"author":1,"featured_media":41159,"comment_status":"open","ping_status":"open","sticky":false,"template":"","format":"standard","meta":{"footnotes":""},"categories":[2020],"tags":[18443],"class_list":["post-41158","post","type-post","status-publish","format-standard","has-post-thumbnail","hentry","category-world-news","tag-miguel-uribe-turbay"],"_links":{"self":[{"href":"https:\/\/www.acapulcopress.com\/index.php\/wp-json\/wp\/v2\/posts\/41158","targetHints":{"allow":["GET"]}}],"collection":[{"href":"https:\/\/www.acapulcopress.com\/index.php\/wp-json\/wp\/v2\/posts"}],"about":[{"href":"https:\/\/www.acapulcopress.com\/index.php\/wp-json\/wp\/v2\/types\/post"}],"author":[{"embeddable":true,"href":"https:\/\/www.acapulcopress.com\/index.php\/wp-json\/wp\/v2\/users\/1"}],"replies":[{"embeddable":true,"href":"https:\/\/www.acapulcopress.com\/index.php\/wp-json\/wp\/v2\/comments?post=41158"}],"version-history":[{"count":2,"href":"https:\/\/www.acapulcopress.com\/index.php\/wp-json\/wp\/v2\/posts\/41158\/revisions"}],"predecessor-version":[{"id":41162,"href":"https:\/\/www.acapulcopress.com\/index.php\/wp-json\/wp\/v2\/posts\/41158\/revisions\/41162"}],"wp:featuredmedia":[{"embeddable":true,"href":"https:\/\/www.acapulcopress.com\/index.php\/wp-json\/wp\/v2\/media\/41159"}],"wp:attachment":[{"href":"https:\/\/www.acapulcopress.com\/index.php\/wp-json\/wp\/v2\/media?parent=41158"}],"wp:term":[{"taxonomy":"category","embeddable":true,"href":"https:\/\/www.acapulcopress.com\/index.php\/wp-json\/wp\/v2\/categories?post=41158"},{"taxonomy":"post_tag","embeddable":true,"href":"https:\/\/www.acapulcopress.com\/index.php\/wp-json\/wp\/v2\/tags?post=41158"}],"curies":[{"name":"wp","href":"https:\/\/api.w.org\/{rel}","templated":true}]}}