{"id":41172,"date":"2025-06-11T16:14:51","date_gmt":"2025-06-11T22:14:51","guid":{"rendered":"https:\/\/www.acapulcopress.com\/?p=41172"},"modified":"2025-06-11T16:18:21","modified_gmt":"2025-06-11T22:18:21","slug":"morena-no-quiere-la-toga-en-la-scjn-simboliza-la-justicia-de-antes-dice","status":"publish","type":"post","link":"https:\/\/www.acapulcopress.com\/index.php\/2025\/06\/11\/morena-no-quiere-la-toga-en-la-scjn-simboliza-la-justicia-de-antes-dice\/","title":{"rendered":"Morena no quiere la toga en la SCJN; simboliza la justicia de antes, dice"},"content":{"rendered":"<p>CIUDAD DE M\u00c9XICO * 11 de junio 2025<br \/>\n<em>) <a href=\"https:\/\/www.proceso.com.mx\/nacional\/politica\/2025\/6\/11\/senadores-de-morena-buscan-eliminar-el-uso-de-la-toga-en-la-corte-simboliza-la-justicia-de-antes-352864.html\" target=\"_blank\" rel=\"noopener\">Apro<\/a><\/em><br \/>\nLos senadores oaxaque\u00f1os <strong>Antonino Morales Toledo<\/strong>, <strong>Laura Estrada Mauro<\/strong> y <strong>Luis Alfonso Silva Romo<\/strong> propusieron una iniciativa en la Comisi\u00f3n Permanente para que ministros de la <em>Suprema Corte de Justica de la Naci\u00f3n (SCJN)<\/em> no usen toga obligatoriamente.<\/p>\n<p>Luego de que <strong>Hugo Aguilar Ortiz<\/strong>, presidente electo de la SCJN, propuso no usar toga en la Sala Superior, los legisladores morenistas presentaron la iniciativa para adicionar un p\u00e1rrafo a la Ley Org\u00e1nica del Poder Judicial para eliminar el uso de toga obligatoria, argumentando que es un s\u00edmbolo de la justicia de antes, la de los privilegios, una indumentaria que no respondi\u00f3 a los intereses del pueblo, adem\u00e1s de que representa lejan\u00eda y elitismo.<\/p>\n<p>\u201cPor lo anterior, proponemos respetuosamente a esta soberan\u00eda que las Ministras y Ministros de la Suprema Corte de Justicia de la Naci\u00f3n, dejen de usar la toga en el ejercicio de sus funciones y facultades en las audiencias, estableciendo que podr\u00e1n asistir con ropa formal de vestir o tradicional, acorde con sus or\u00edgenes, costumbres y preferencias\u201d, detalla el documento.<\/p>\n<p>En la exposici\u00f3n de motivos, los senadores oficialistas puntualizan que las nuevas personas juzgadoras no solo deben ser percibidas como cercanas a la gente, sino que, realmente su convicci\u00f3n jurisdiccional debe estar en sinton\u00eda para atender y resolver el fondo, el origen de las injusticias hist\u00f3ricas del pueblo de M\u00e9xico.<\/p>\n<p>En el documento resaltan que la SCJN inicia un nuevo tiempo, una nueva \u00e9poca judicial y la inminente llegada a la presidencia del m\u00e1ximo tribunal de un jurista ind\u00edgena oaxaque\u00f1o representa un avance hist\u00f3rico y la oportunidad de que el pluralismo jur\u00eddico contribuya a reposicionar y dotar de vigencia plena a los derechos de nuestros pueblos y comunidades ind\u00edgenas.<\/p>\n<p>Por ello, enfatizaron que, en ese contexto de cambio social, cultural, pol\u00edtico, la toga y el birrete son s\u00edmbolos de lejan\u00eda y elitismo, los cuales ya no son acordes con los tiempos de transformaci\u00f3n actual; \u201cla justicia que inicia debe vestir la indumentaria de nuestra gente, la gente sencilla, la gente trabajadora del campo y de la ciudad, la gente de nuestro pueblo\u201d, sostuvieron.<\/p>\n<p><em>) acapulcopress.com<\/em><\/p>\n","protected":false},"excerpt":{"rendered":"<p>Los senadores Antonino Morales, Laura Estrada y Luis Silva propusieron no usar toga obligatoriamente.<\/p>\n","protected":false},"author":1,"featured_media":41173,"comment_status":"open","ping_status":"open","sticky":false,"template":"","format":"standard","meta":{"footnotes":""},"categories":[1997],"tags":[18446,18451,18447,18452,18448,18449,18450],"class_list":["post-41172","post","type-post","status-publish","format-standard","has-post-thumbnail","hentry","category-noticias-destacadas","tag-antonino-morales-toledo","tag-hugo-aguilar-ortiz","tag-laura-estrada-mauro","tag-ley-organica-del-poder-judicial-mexico","tag-luis-alfonso-silva-romo","tag-morena-dice-no-a-la-toga","tag-suprema-corte-de-justica-de-la-nacion-scjn"],"_links":{"self":[{"href":"https:\/\/www.acapulcopress.com\/index.php\/wp-json\/wp\/v2\/posts\/41172","targetHints":{"allow":["GET"]}}],"collection":[{"href":"https:\/\/www.acapulcopress.com\/index.php\/wp-json\/wp\/v2\/posts"}],"about":[{"href":"https:\/\/www.acapulcopress.com\/index.php\/wp-json\/wp\/v2\/types\/post"}],"author":[{"embeddable":true,"href":"https:\/\/www.acapulcopress.com\/index.php\/wp-json\/wp\/v2\/users\/1"}],"replies":[{"embeddable":true,"href":"https:\/\/www.acapulcopress.com\/index.php\/wp-json\/wp\/v2\/comments?post=41172"}],"version-history":[{"count":5,"href":"https:\/\/www.acapulcopress.com\/index.php\/wp-json\/wp\/v2\/posts\/41172\/revisions"}],"predecessor-version":[{"id":41178,"href":"https:\/\/www.acapulcopress.com\/index.php\/wp-json\/wp\/v2\/posts\/41172\/revisions\/41178"}],"wp:featuredmedia":[{"embeddable":true,"href":"https:\/\/www.acapulcopress.com\/index.php\/wp-json\/wp\/v2\/media\/41173"}],"wp:attachment":[{"href":"https:\/\/www.acapulcopress.com\/index.php\/wp-json\/wp\/v2\/media?parent=41172"}],"wp:term":[{"taxonomy":"category","embeddable":true,"href":"https:\/\/www.acapulcopress.com\/index.php\/wp-json\/wp\/v2\/categories?post=41172"},{"taxonomy":"post_tag","embeddable":true,"href":"https:\/\/www.acapulcopress.com\/index.php\/wp-json\/wp\/v2\/tags?post=41172"}],"curies":[{"name":"wp","href":"https:\/\/api.w.org\/{rel}","templated":true}]}}