{"id":41189,"date":"2025-06-12T19:12:53","date_gmt":"2025-06-13T01:12:53","guid":{"rendered":"https:\/\/www.acapulcopress.com\/?p=41189"},"modified":"2025-06-12T19:29:05","modified_gmt":"2025-06-13T01:29:05","slug":"dif-guerrero-entrego-apoyos-de-programas-diversos-en-costa-chica","status":"publish","type":"post","link":"https:\/\/www.acapulcopress.com\/index.php\/2025\/06\/12\/dif-guerrero-entrego-apoyos-de-programas-diversos-en-costa-chica\/","title":{"rendered":"DIF Guerrero entreg\u00f3 apoyos de programas sociales diversos en la Costa Chica"},"content":{"rendered":"<p>XOCHISTLAHUACA * 11 de junio 2025<br \/>\n<em>) DIF Guerrero<br \/>\n<\/em>A fin de fortalecer la atenci\u00f3n a los grupos de atenci\u00f3n prioritaria, acercando diversos programas sociales que promueve la gobernadora <strong><img loading=\"lazy\" decoding=\"async\" class=\"alignleft size-cmsmasters-square-thumb wp-image-41200\" src=\"https:\/\/www.acapulcopress.com\/wp-content\/uploads\/2025\/06\/DIFGRO10-360x360.jpg\" alt=\"\" width=\"360\" height=\"360\" srcset=\"https:\/\/www.acapulcopress.com\/wp-content\/uploads\/2025\/06\/DIFGRO10-360x360.jpg 360w, https:\/\/www.acapulcopress.com\/wp-content\/uploads\/2025\/06\/DIFGRO10-150x150.jpg 150w, https:\/\/www.acapulcopress.com\/wp-content\/uploads\/2025\/06\/DIFGRO10-70x70.jpg 70w\" sizes=\"auto, (max-width: 360px) 100vw, 360px\" \/>Evelyn Salgado Pineda<\/strong>, la presidenta del <em>Sistema DIF Guerrero<\/em>, <strong>Liz Salgado Pineda<\/strong>, encabez\u00f3 una gira de trabajo por la regi\u00f3n Costa Chica, donde supervis\u00f3 y entreg\u00f3 diversos programas de asistencia alimentaria y de desarrollo comunitario, esto en beneficio de miles de pobladores de la regi\u00f3n costera.<\/p>\n<p>El recorrido inici\u00f3 en el municipio de Xochistlahuaca, donde supervis\u00f3 el programa de desayunos escolares \u201cLetras Sanas\u201d, el cual brinda alimentaci\u00f3n saludable y balanceada a ni\u00f1as y ni\u00f1os en edad escolar, ah\u00ed durante la visita, Liz Salgado, reconoci\u00f3 la destacada labor del personal docente y del comit\u00e9 de madres y padres de familia que operan de manera ejemplar el comedor escolar; adem\u00e1s, realiz\u00f3 entrega de juguetes a los infantes a fin de impulsar su desarrollo.<\/p>\n<p>En este mismo municipio, se hizo entrega directa de paquetes alimentarios, kits de aseo personal y art\u00edculos de limpieza del hogar, como parte del apoyo integral a familias.<\/p>\n<p>La gira continu\u00f3 en el municipio de Juchit\u00e1n, donde se replic\u00f3 la entrega de apoyos alimentarios y productos de higiene a las familias, con un enfoque de atenci\u00f3n directa, reforzando la cercan\u00eda y trabajo en territorio.<\/p>\n<p>Posteriormente, se traslad\u00f3 a la localidad de Jim\u00e9nez, en el municipio de San Marcos, para supervisar el programa \u201cVivienda Sustentable\u201d, una iniciativa que promueve hogares equipados con estufas ecol\u00f3gicas \u201cPro Salud\u201d y paneles solares, con el objetivo de generar ahorro <img loading=\"lazy\" decoding=\"async\" class=\"alignleft size-cmsmasters-square-thumb wp-image-41196\" src=\"https:\/\/www.acapulcopress.com\/wp-content\/uploads\/2025\/06\/DIFGRO6-360x360.jpg\" alt=\"\" width=\"360\" height=\"360\" srcset=\"https:\/\/www.acapulcopress.com\/wp-content\/uploads\/2025\/06\/DIFGRO6-360x360.jpg 360w, https:\/\/www.acapulcopress.com\/wp-content\/uploads\/2025\/06\/DIFGRO6-150x150.jpg 150w, https:\/\/www.acapulcopress.com\/wp-content\/uploads\/2025\/06\/DIFGRO6-70x70.jpg 70w\" sizes=\"auto, (max-width: 360px) 100vw, 360px\" \/>econ\u00f3mico, mejorar la calidad de vida y fomentar una vida familiar responsable con el medio ambiente.<\/p>\n<p>Liz Salgado, asegur\u00f3 que esta gira responde a la visi\u00f3n del gobierno que encabeza la gobernadora Evelyn Salgado Pineda, de trabajar en territorio, de manera cercana a la gente, para garantizar que los programas de asistencia social lleguen directamente a quienes m\u00e1s los requieren.<\/p>\n<p>Bajo este enfoque, Salgado Pineda reafirm\u00f3 el compromiso del <em>Sistema DIF Guerrero<\/em> de seguir trabajando con empat\u00eda, solidaridad y responsabilidad. Adem\u00e1s, destac\u00f3 la colaboraci\u00f3n activa de los Sistemas DIF municipales, cuya coordinaci\u00f3n y compromiso son fundamentales para que los programas y servicios lleguen a todos los rincones del estado.<\/p>\n<p><em>) acapulcopress.com<\/em><\/p>\n","protected":false},"excerpt":{"rendered":"<p>XOCHISTLAHUACA * 11 de junio 2025 ) DIF Guerrero A fin de fortalecer la atenci\u00f3n a los grupos de atenci\u00f3n prioritaria, acercando diversos programas sociales que promueve la gobernadora Evelyn Salgado Pineda, la presidenta del Sistema DIF Guerrero, Liz Salgado Pineda, encabez\u00f3 una gira de trabajo por la regi\u00f3n Costa Chica, donde supervis\u00f3 y entreg\u00f3&#8230;<\/p>\n","protected":false},"author":1,"featured_media":41198,"comment_status":"open","ping_status":"open","sticky":false,"template":"","format":"standard","meta":{"footnotes":""},"categories":[1980,1983],"tags":[7313,12012],"class_list":["post-41189","post","type-post","status-publish","format-standard","has-post-thumbnail","hentry","category-goverment-2","category-guerrerogob","tag-dif-guerrero","tag-liz-salgado-pineda"],"_links":{"self":[{"href":"https:\/\/www.acapulcopress.com\/index.php\/wp-json\/wp\/v2\/posts\/41189","targetHints":{"allow":["GET"]}}],"collection":[{"href":"https:\/\/www.acapulcopress.com\/index.php\/wp-json\/wp\/v2\/posts"}],"about":[{"href":"https:\/\/www.acapulcopress.com\/index.php\/wp-json\/wp\/v2\/types\/post"}],"author":[{"embeddable":true,"href":"https:\/\/www.acapulcopress.com\/index.php\/wp-json\/wp\/v2\/users\/1"}],"replies":[{"embeddable":true,"href":"https:\/\/www.acapulcopress.com\/index.php\/wp-json\/wp\/v2\/comments?post=41189"}],"version-history":[{"count":5,"href":"https:\/\/www.acapulcopress.com\/index.php\/wp-json\/wp\/v2\/posts\/41189\/revisions"}],"predecessor-version":[{"id":41208,"href":"https:\/\/www.acapulcopress.com\/index.php\/wp-json\/wp\/v2\/posts\/41189\/revisions\/41208"}],"wp:featuredmedia":[{"embeddable":true,"href":"https:\/\/www.acapulcopress.com\/index.php\/wp-json\/wp\/v2\/media\/41198"}],"wp:attachment":[{"href":"https:\/\/www.acapulcopress.com\/index.php\/wp-json\/wp\/v2\/media?parent=41189"}],"wp:term":[{"taxonomy":"category","embeddable":true,"href":"https:\/\/www.acapulcopress.com\/index.php\/wp-json\/wp\/v2\/categories?post=41189"},{"taxonomy":"post_tag","embeddable":true,"href":"https:\/\/www.acapulcopress.com\/index.php\/wp-json\/wp\/v2\/tags?post=41189"}],"curies":[{"name":"wp","href":"https:\/\/api.w.org\/{rel}","templated":true}]}}