{"id":41209,"date":"2025-06-12T19:38:35","date_gmt":"2025-06-13T01:38:35","guid":{"rendered":"https:\/\/www.acapulcopress.com\/?p=41209"},"modified":"2025-06-12T19:38:35","modified_gmt":"2025-06-13T01:38:35","slug":"gobernadora-entrego-4-mil-600-lentes-a-estudiantes-guerrerenses","status":"publish","type":"post","link":"https:\/\/www.acapulcopress.com\/index.php\/2025\/06\/12\/gobernadora-entrego-4-mil-600-lentes-a-estudiantes-guerrerenses\/","title":{"rendered":"Gobernadora entreg\u00f3 4 mil 600 lentes a estudiantes guerrerenses"},"content":{"rendered":"<p>CHILPANCINGO * 12 de junio 2025<br \/>\n<em>) Gobierno de Guerrero<\/em><br \/>\n<img loading=\"lazy\" decoding=\"async\" class=\"alignleft size-cmsmasters-square-thumb wp-image-41220\" src=\"https:\/\/www.acapulcopress.com\/wp-content\/uploads\/2025\/06\/ver-bien11-360x360.jpg\" alt=\"\" width=\"360\" height=\"360\" srcset=\"https:\/\/www.acapulcopress.com\/wp-content\/uploads\/2025\/06\/ver-bien11-360x360.jpg 360w, https:\/\/www.acapulcopress.com\/wp-content\/uploads\/2025\/06\/ver-bien11-150x150.jpg 150w, https:\/\/www.acapulcopress.com\/wp-content\/uploads\/2025\/06\/ver-bien11-70x70.jpg 70w\" sizes=\"auto, (max-width: 360px) 100vw, 360px\" \/>Como parte de su compromiso con la educaci\u00f3n y el bienestar de la ni\u00f1ez guerrerense, la gobernadora Evelyn Salgado Pineda entreg\u00f3 lentes oft\u00e1lmicos a estudiantes de 140 escuelas la regi\u00f3n Centro, como parte del programa \u201cVer bien para aprender mejor\u201d en Guerrero.<\/p>\n<p>Durante un evento realizado en la Secundaria Federal \u00abWilfrido Massieu\u00bb de la capital del estado, la mandataria estatal entreg\u00f3 de manera simb\u00f3lica parte de los 4,696 anteojos que ser\u00e1n distribuidos a estudiantes de escuelas de los municipios de Ahuacuotzingo, Eduardo Neri, Mochitl\u00e1n, Quechultenango, Juan R. Escudero y Tixtla.<\/p>\n<p>\u201cVamos a seguir trabajando para que cada adolescente y joven tenga las condiciones necesarias para aprender, vivir con dignidad y construir su futuro con igualdad de oportunidades. Transformar Guerrero empieza por transformar la mirada de nuestras infancias y juventudes\u201d, expres\u00f3 Evelyn Salgado.<\/p>\n<p>Con esta entrega, el programa estatal suma m\u00e1s de 23 mil estudiantes beneficiados con esta herramienta que mejora su salud visual en su desarrollo acad\u00e9mico.<\/p>\n<p>El coordinador del programa, Jorge Alberto Acevedo, reconoci\u00f3 el respaldo decidido de la gobernadora Evelyn Salgado al destacar su enfoque humanista y su compromiso con una educaci\u00f3n inclusiva y de calidad. \u201cSin su apoyo, este logro no habr\u00eda sido posible\u201d, afirm\u00f3.<\/p>\n<p><img loading=\"lazy\" decoding=\"async\" class=\"alignleft size-cmsmasters-square-thumb wp-image-41215\" src=\"https:\/\/www.acapulcopress.com\/wp-content\/uploads\/2025\/06\/ver-bien6-360x360.jpg\" alt=\"\" width=\"360\" height=\"360\" srcset=\"https:\/\/www.acapulcopress.com\/wp-content\/uploads\/2025\/06\/ver-bien6-360x360.jpg 360w, https:\/\/www.acapulcopress.com\/wp-content\/uploads\/2025\/06\/ver-bien6-150x150.jpg 150w, https:\/\/www.acapulcopress.com\/wp-content\/uploads\/2025\/06\/ver-bien6-70x70.jpg 70w\" sizes=\"auto, (max-width: 360px) 100vw, 360px\" \/>La gobernadora motiv\u00f3 a las y los estudiantes a usar sus lentes con orgullo, como una herramienta que les permitir\u00e1 \u201cleer con claridad, ver el pizarr\u00f3n con nitidez y descubrir el mundo con nuevos ojos\u201d.<\/p>\n<p>\u201cDetectar un problema visual a tiempo y atenderlo puede marcar la diferencia en la vida de una ni\u00f1a o un ni\u00f1o. En este gobierno, ustedes son la prioridad\u201d, subray\u00f3 Salgado Pineda durante este evento donde estuvo presente la presidenta del Sistema DIF Guerrero, Liz Salgado Pineda, y el secretario de Educaci\u00f3n en el estado, Ricardo Castillo Pe\u00f1a, quienes refrendaron su compromiso con la ni\u00f1ez guerrerense.<\/p>\n<p>) acapulcopress.com<\/p>\n","protected":false},"excerpt":{"rendered":"<p>CHILPANCINGO * 12 de junio 2025 ) Gobierno de Guerrero Como parte de su compromiso con la educaci\u00f3n y el bienestar de la ni\u00f1ez guerrerense, la gobernadora Evelyn Salgado Pineda entreg\u00f3 lentes oft\u00e1lmicos a estudiantes de 140 escuelas la regi\u00f3n Centro, como parte del programa \u201cVer bien para aprender mejor\u201d en Guerrero. Durante un evento&#8230;<\/p>\n","protected":false},"author":1,"featured_media":41216,"comment_status":"open","ping_status":"open","sticky":false,"template":"","format":"standard","meta":{"footnotes":""},"categories":[1980,1983],"tags":[],"class_list":["post-41209","post","type-post","status-publish","format-standard","has-post-thumbnail","hentry","category-goverment-2","category-guerrerogob"],"_links":{"self":[{"href":"https:\/\/www.acapulcopress.com\/index.php\/wp-json\/wp\/v2\/posts\/41209","targetHints":{"allow":["GET"]}}],"collection":[{"href":"https:\/\/www.acapulcopress.com\/index.php\/wp-json\/wp\/v2\/posts"}],"about":[{"href":"https:\/\/www.acapulcopress.com\/index.php\/wp-json\/wp\/v2\/types\/post"}],"author":[{"embeddable":true,"href":"https:\/\/www.acapulcopress.com\/index.php\/wp-json\/wp\/v2\/users\/1"}],"replies":[{"embeddable":true,"href":"https:\/\/www.acapulcopress.com\/index.php\/wp-json\/wp\/v2\/comments?post=41209"}],"version-history":[{"count":1,"href":"https:\/\/www.acapulcopress.com\/index.php\/wp-json\/wp\/v2\/posts\/41209\/revisions"}],"predecessor-version":[{"id":41221,"href":"https:\/\/www.acapulcopress.com\/index.php\/wp-json\/wp\/v2\/posts\/41209\/revisions\/41221"}],"wp:featuredmedia":[{"embeddable":true,"href":"https:\/\/www.acapulcopress.com\/index.php\/wp-json\/wp\/v2\/media\/41216"}],"wp:attachment":[{"href":"https:\/\/www.acapulcopress.com\/index.php\/wp-json\/wp\/v2\/media?parent=41209"}],"wp:term":[{"taxonomy":"category","embeddable":true,"href":"https:\/\/www.acapulcopress.com\/index.php\/wp-json\/wp\/v2\/categories?post=41209"},{"taxonomy":"post_tag","embeddable":true,"href":"https:\/\/www.acapulcopress.com\/index.php\/wp-json\/wp\/v2\/tags?post=41209"}],"curies":[{"name":"wp","href":"https:\/\/api.w.org\/{rel}","templated":true}]}}