{"id":41235,"date":"2025-06-12T20:49:11","date_gmt":"2025-06-13T02:49:11","guid":{"rendered":"https:\/\/www.acapulcopress.com\/?p=41235"},"modified":"2025-06-12T22:33:48","modified_gmt":"2025-06-13T04:33:48","slug":"tras-ataques-en-tierra-caliente-piden-a-sheinbaum-una-bade-de-operaciones-mixta","status":"publish","type":"post","link":"https:\/\/www.acapulcopress.com\/index.php\/2025\/06\/12\/tras-ataques-en-tierra-caliente-piden-a-sheinbaum-una-bade-de-operaciones-mixta\/","title":{"rendered":"Tras ataques en Tierra Caliente, piden a Sheinbaum una Bade de Operaciones Mixta"},"content":{"rendered":"<p>COYUCA DE CATAL\u00c1N * 12 de junio 2025<br \/>\n<a href=\"https:\/\/soyanasa.blogspot.com\/2025\/06\/paquete-de-noticias-mario-garcia_12.html\" target=\"_blank\" rel=\"noopener\"><em>) ANASA<\/em><\/a><br \/>\nEjidatarios de la sierra de Coyuca de Catal\u00e1n solicitaron a la presidenta <strong>Claudia Sheinbaum Pardo<\/strong> la instalaci\u00f3n de una Base de Operaciones Mixta (BOM) con personal del Ej\u00e9rcito, Guardia Nacional y Polic\u00eda Estatal, tras los ataques armados que ha padecido la poblaci\u00f3n en los \u00faltimos d\u00edas.<\/p>\n<p>Adem\u00e1s, solicitaron de manera urgente v\u00edveres y medicamentos, debido a que los caminos se encuentran bloqueados por presuntos criminales.<\/p>\n<p>La solicitud la realizaron mediante un oficio escrito a mano, firmado y sellado por <strong>Sa\u00fal Garc\u00eda Garc\u00eda<\/strong>, presidente del Consejo de Vigilancia y \u00c1reas Protegidas del Ejido R\u00edo de los Fresnos y Anexos del municipio de Coyuca de Catal\u00e1n.<\/p>\n<p>Aseguraron que son 3 mil pobladores afectados por la violencia criminal de los ejidos Balc\u00f3n de la Bandera, Soledad de la Palma, R\u00edo Fr\u00edo de los Fresnos y Carrizal, ubicados en la zona serrana de Coyuca de Catal\u00e1n, en la regi\u00f3n Tierra Caliente.<\/p>\n<p>En conjunto, afirma la autoridad, poseen cerca de 25 mil hect\u00e1reas dedicadas voluntariamente a la conservaci\u00f3n de la naturaleza y la fauna.<\/p>\n<p>\u201cPedimos una base mixta en Puerto de las Ollas para que nos brinde seguridad a los cuatro ejidos que somos los afectados\u201d.<\/p>\n<p>Relataron que el domingo 8 de junio y lunes 9 fueron atacados a balazos con armas de alto poder, bombas y drones.<\/p>\n<p>\u201cNo cesaban de atacar, quemando casas con mujeres y ni\u00f1os adentro y saqueando la comunidad\u201d, se\u00f1ala.<\/p>\n<p>Tambi\u00e9n pidieron al gobierno federal y estatal el env\u00edo de v\u00edveres y medicamentos porque les tienen cerrados los caminos.<\/p>\n<p>\u201cEl que baja por v\u00edveres le quitan el carro o cuatrimoto y lo matan. En El Nogal asesinaron violentamente a un joven trabajador que andaba con sus vacas.<\/p>\n<p>\u201cPedimos la atenci\u00f3n por parte del gobierno federal y estatal para que nos dejen esta Base (de Operaciones) Mixta para el resguardo de las familias del Balc\u00f3n que han sido desalojados\u201d.<\/p>\n<p>La poblaci\u00f3n de Puerto de las Ollas fue atacada, de acuerdo con pobladores, por supuestos integrantes de la organizaci\u00f3n criminal conocida como La familia michoacana.<\/p>\n<p>En el mismo contexto, el mi\u00e9rcoles 4 de junio, criminales irrumpieron en Vallecitos de Zaragoza y Zihuaquio. Ambos poblados se ubican en la sierra en los l\u00edmites de la Costa Grande y la Tierra Caliente.<\/p>\n<p>En la zona no hay energ\u00eda el\u00e9ctrica y las escuelas se mantienen cerradas.<\/p>\n<p>El martes 10 del presente mes, en la conferencia de prensa matutina en Palacio Nacional, el secretario de Seguridad y Protecci\u00f3n Ciudadana, Omar Garc\u00eda Harfuch y el de la Defensa, Ricardo Trevilla Trejo aseguraron que desde la semana pasada fue enviado personal de la GN y del Ej\u00e9rcito a la zona.<\/p>\n<p>En Puerto de las Ollas, donde la poblaci\u00f3n se mantiene aterrorizada, llegaron dos patrullas del Ej\u00e9rcito y dos de la GN, pero el mismo martes les advirtieron a los pobladores que se retirar\u00edan de la zona por presuntas amenazas de integrantes del crimen organizado<\/p>\n<p><em>) acapulcopress.com<\/em><\/p>\n","protected":false},"excerpt":{"rendered":"<p>COYUCA DE CATAL\u00c1N * 12 de junio 2025 ) ANASA Ejidatarios de la sierra de Coyuca de Catal\u00e1n solicitaron a la presidenta Claudia Sheinbaum Pardo la instalaci\u00f3n de una Base de Operaciones Mixta (BOM) con personal del Ej\u00e9rcito, Guardia Nacional y Polic\u00eda Estatal, tras los ataques armados que ha padecido la poblaci\u00f3n en los \u00faltimos&#8230;<\/p>\n","protected":false},"author":1,"featured_media":41236,"comment_status":"open","ping_status":"open","sticky":false,"template":"","format":"standard","meta":{"footnotes":""},"categories":[18467,2080],"tags":[18455,5853,18456],"class_list":["post-41235","post","type-post","status-publish","format-standard","has-post-thumbnail","hentry","category-justicia","category-regiones-de-guerrero","tag-base-de-operaciones-mixta-bom","tag-claudia-sheinbaum-pardo","tag-saul-garcia-garcia"],"_links":{"self":[{"href":"https:\/\/www.acapulcopress.com\/index.php\/wp-json\/wp\/v2\/posts\/41235","targetHints":{"allow":["GET"]}}],"collection":[{"href":"https:\/\/www.acapulcopress.com\/index.php\/wp-json\/wp\/v2\/posts"}],"about":[{"href":"https:\/\/www.acapulcopress.com\/index.php\/wp-json\/wp\/v2\/types\/post"}],"author":[{"embeddable":true,"href":"https:\/\/www.acapulcopress.com\/index.php\/wp-json\/wp\/v2\/users\/1"}],"replies":[{"embeddable":true,"href":"https:\/\/www.acapulcopress.com\/index.php\/wp-json\/wp\/v2\/comments?post=41235"}],"version-history":[{"count":1,"href":"https:\/\/www.acapulcopress.com\/index.php\/wp-json\/wp\/v2\/posts\/41235\/revisions"}],"predecessor-version":[{"id":41237,"href":"https:\/\/www.acapulcopress.com\/index.php\/wp-json\/wp\/v2\/posts\/41235\/revisions\/41237"}],"wp:featuredmedia":[{"embeddable":true,"href":"https:\/\/www.acapulcopress.com\/index.php\/wp-json\/wp\/v2\/media\/41236"}],"wp:attachment":[{"href":"https:\/\/www.acapulcopress.com\/index.php\/wp-json\/wp\/v2\/media?parent=41235"}],"wp:term":[{"taxonomy":"category","embeddable":true,"href":"https:\/\/www.acapulcopress.com\/index.php\/wp-json\/wp\/v2\/categories?post=41235"},{"taxonomy":"post_tag","embeddable":true,"href":"https:\/\/www.acapulcopress.com\/index.php\/wp-json\/wp\/v2\/tags?post=41235"}],"curies":[{"name":"wp","href":"https:\/\/api.w.org\/{rel}","templated":true}]}}