{"id":41238,"date":"2025-06-12T21:07:24","date_gmt":"2025-06-13T03:07:24","guid":{"rendered":"https:\/\/www.acapulcopress.com\/?p=41238"},"modified":"2025-06-12T21:17:45","modified_gmt":"2025-06-13T03:17:45","slug":"israel-e-iran-a-un-paso-de-la-inminente-guerra-total","status":"publish","type":"post","link":"https:\/\/www.acapulcopress.com\/index.php\/2025\/06\/12\/israel-e-iran-a-un-paso-de-la-inminente-guerra-total\/","title":{"rendered":"Israel e Ir\u00e1n, a un paso de la inminente guerra total"},"content":{"rendered":"<p>TEHER\u00c1N * 12 de junio 2025<br \/>\n<em>) <a href=\"https:\/\/apnews.com\/article\/israel-iran-guerra-60e520fa860bf15fd39b40c37a61c56d\" target=\"_blank\" rel=\"noopener\">AP<\/a><\/em><br \/>\nIsrael atac\u00f3 este viernes a Ir\u00e1n, lo que aumenta la posibilidad de una guerra total entre los dos pa\u00edses de Oriente Medio. Parec\u00eda ser el ataque m\u00e1s significativo que Ir\u00e1n ha enfrentado desde su guerra con Irak en la d\u00e9cada de 1980, ya que m\u00faltiples sitios del pa\u00eds fueron atacados.<\/p>\n<p>La televisi\u00f3n estatal iran\u00ed inform\u00f3 que se teme que el l\u00edder de la <em>Guardia Revolucionaria de Ir\u00e1n<\/em> est\u00e9 muerto tras el ataque israel\u00ed, lo que ser\u00eda un duro golpe para el gobierno de Teher\u00e1n y una escalada inmediata del conflicto entre las naciones. El reporte ofrec\u00eda pocos otros detalles sobre lo que le sucedi\u00f3 al general<strong> Hossein Salami<\/strong>, pero agregaba que se teme que otro alto funcionario de la Guardia Revolucionaria, as\u00ed como dos cient\u00edficos nucleares, tambi\u00e9n est\u00e9n muertos.<\/p>\n<p>El crudo Brent de referencia se dispar\u00f3 5% tras la noticia del ataque.<\/p>\n<p>Funcionarios israel\u00edes dijeron que el ataque era necesario para evitar lo que describieron como una amenaza inminente de que Ir\u00e1n construyera bombas nucleares.<\/p>\n<p>Por su parte, Estados Unidos, que anteriormente advirti\u00f3 a Israel que no lanzara un ataque mientras se realizaban negociaciones, afirm\u00f3 que no estuvo involucrado en el ataque, y advirti\u00f3 a Ir\u00e1n que no tome represalias contra intereses o personal estadounidenses.<\/p>\n<p>Varios sitios en la capital iran\u00ed fueron atacados por Israel. El primer ministro israel\u00ed, Benjamin Netanyahu, dijo que el ataque ten\u00eda como objetivos instalaciones nucleares y militares, as\u00ed como funcionarios que dirigen el programa nuclear y el arsenal de misiles bal\u00edsticos de Ir\u00e1n.<\/p>\n<p>Israel ha dicho que no permitir\u00e1 que Teher\u00e1n construya un arma nuclear, aunque sigue sin estar claro cu\u00e1n cerca est\u00e1 el pa\u00eds de lograrlo.<\/p>\n<p>Netanyahu dijo en un discurso en YouTube que los ataques continuar\u00e1n \u201cdurante tantos d\u00edas como sea necesario para eliminar esta amenaza\u201d.<\/p>\n<p>El ataque se produjo luego de que Estados Unidos retirara a algunos diplom\u00e1ticos de la capital de Irak y de que ofreciera evacuaciones voluntarias para las familias de las tropas estadounidenses apostadas en Oriente Medio.<\/p>\n<p>El secretario de Estado de Estados Unidos, Marco Rubio, afirm\u00f3 que Israel tom\u00f3 \u201cacci\u00f3n unilateral contra Ir\u00e1n\u201d y que Israel dijo a Estados Unidos que cre\u00eda que los ataques eran necesarios para su autodefensa.<\/p>\n<p>\u201cNo estamos involucrados en ataques contra Ir\u00e1n, y nuestra m\u00e1xima prioridad es proteger a las fuerzas estadounidenses en la regi\u00f3n\u201d, asever\u00f3 Rubio en un comunicado emitido por la Casa Blanca.<\/p>\n<p>El ataque se produce en un contexto de tensi\u00f3n debido al programa nuclear de Teher\u00e1n.<\/p>\n<p>La Junta de Gobernadores del Organismo Internacional de Energ\u00eda At\u00f3mica censur\u00f3 a Ir\u00e1n el jueves por primera vez en 20 a\u00f1os por su negativa a trabajar con sus inspectores. Tras ello, Ir\u00e1n anunci\u00f3 que establecer\u00eda un tercer sitio de enriquecimiento de uranio y que cambiar\u00eda algunas centrifugadoras por otras m\u00e1s avanzadas.<\/p>\n<p>Ir\u00e1n necesitar\u00eda meses para ensamblar, probar y desplegar cualquier arma, lo que hasta ahora ha dicho que no tiene deseo de hacer. Las agencias de inteligencia de Estados Unidos tambi\u00e9n han indicado que Ir\u00e1n no tiene un programa de armas nucleares en este momento.<\/p>\n<p>A ra\u00edz del ataque preventivo del Estado de Israel contra Ir\u00e1n, se esperan ataques con misiles y drones contra Israel\u201d, se\u00f1al\u00f3 en un comunicado.<\/p>\n<p>El comunicado agrega que Katz \u201cfirm\u00f3 una orden especial que declara una situaci\u00f3n de emergencia en el frente interno\u201d.<\/p>\n<p>Tanto Ir\u00e1n como Israel cerraron su espacio a\u00e9reo.<\/p>\n<p>Cuando comenzaron las explosiones en Teher\u00e1n, el presidente Donald Trump estaba en un jard\u00edn de la Casa Blanca con miembros del Congreso. No estaba claro si hab\u00eda sido informado sobre el ataque contra Ir\u00e1n, pero el presidente continu\u00f3 estrechando manos y posando para fotos durante varios minutos.<\/p>\n<p>Trump dijo anteriormente que hab\u00eda instado a Netanyahu a no tomar medidas mientras Estados Unidos negociaba con Ir\u00e1n.<\/p>\n<p>\u201cMientras crea que hay (posibilidad de un) acuerdo, no quiero que entren porque creo que lo arruinar\u00eda\u201d, dijo Trump a periodistas.<\/p>\n<p><em>) acapulcopress.com<\/em><\/p>\n","protected":false},"excerpt":{"rendered":"<p>Israel atac\u00f3 este viernes a Ir\u00e1n, lo que aumenta la posibilidad de una guerra total entre los dos pa\u00edses de Oriente Medio.<\/p>\n","protected":false},"author":1,"featured_media":41239,"comment_status":"open","ping_status":"open","sticky":false,"template":"","format":"standard","meta":{"footnotes":""},"categories":[2020],"tags":[18458,18459,18460],"class_list":["post-41238","post","type-post","status-publish","format-standard","has-post-thumbnail","hentry","category-world-news","tag-guardia-revolucionaria-de-iran","tag-hossein-salami","tag-israel-vs-iran"],"_links":{"self":[{"href":"https:\/\/www.acapulcopress.com\/index.php\/wp-json\/wp\/v2\/posts\/41238","targetHints":{"allow":["GET"]}}],"collection":[{"href":"https:\/\/www.acapulcopress.com\/index.php\/wp-json\/wp\/v2\/posts"}],"about":[{"href":"https:\/\/www.acapulcopress.com\/index.php\/wp-json\/wp\/v2\/types\/post"}],"author":[{"embeddable":true,"href":"https:\/\/www.acapulcopress.com\/index.php\/wp-json\/wp\/v2\/users\/1"}],"replies":[{"embeddable":true,"href":"https:\/\/www.acapulcopress.com\/index.php\/wp-json\/wp\/v2\/comments?post=41238"}],"version-history":[{"count":2,"href":"https:\/\/www.acapulcopress.com\/index.php\/wp-json\/wp\/v2\/posts\/41238\/revisions"}],"predecessor-version":[{"id":41241,"href":"https:\/\/www.acapulcopress.com\/index.php\/wp-json\/wp\/v2\/posts\/41238\/revisions\/41241"}],"wp:featuredmedia":[{"embeddable":true,"href":"https:\/\/www.acapulcopress.com\/index.php\/wp-json\/wp\/v2\/media\/41239"}],"wp:attachment":[{"href":"https:\/\/www.acapulcopress.com\/index.php\/wp-json\/wp\/v2\/media?parent=41238"}],"wp:term":[{"taxonomy":"category","embeddable":true,"href":"https:\/\/www.acapulcopress.com\/index.php\/wp-json\/wp\/v2\/categories?post=41238"},{"taxonomy":"post_tag","embeddable":true,"href":"https:\/\/www.acapulcopress.com\/index.php\/wp-json\/wp\/v2\/tags?post=41238"}],"curies":[{"name":"wp","href":"https:\/\/api.w.org\/{rel}","templated":true}]}}