{"id":41279,"date":"2025-06-13T10:12:50","date_gmt":"2025-06-13T16:12:50","guid":{"rendered":"https:\/\/www.acapulcopress.com\/?p=41279"},"modified":"2025-06-13T10:20:59","modified_gmt":"2025-06-13T16:20:59","slug":"la-criminalidad-nunca-ahogara-a-acapulco","status":"publish","type":"post","link":"https:\/\/www.acapulcopress.com\/index.php\/2025\/06\/13\/la-criminalidad-nunca-ahogara-a-acapulco\/","title":{"rendered":"Marem\u00e1gnum | La criminalidad nunca ahogar\u00e1 a Acapulco"},"content":{"rendered":"<p>Marem\u00e1gnum<br \/>\n\u00bb <a href=\"https:\/\/www.facebook.com\/ricardocastill01\" target=\"_blank\" rel=\"noopener\"><strong>RICARDO <\/strong>|<strong> CASTILLO BARRIENTOS<\/strong><\/a><br \/>\n<em>) Acapulco Press<\/em><\/p>\n<p>Acuso recibo de algunos comentarios respecto la viabilidad de una nueva y esplendorosa \u00e9poca para el puerto, a trav\u00e9s del Programa \u201cAcapulco se Transforma Contigo\u201d y las obras relevantes de la Administraci\u00f3n del Sistema Portuario Nacional Acapulco (<strong>ASIPONA<\/strong>), organismo de la Secretar\u00eda de Marina (<strong>SEMAR<\/strong>).<\/p>\n<p>En esos comentarios aseguran, poco o nada servir\u00eda la potencial transformaci\u00f3n de este destino tur\u00edstico con todo y sus grandes obras de infraestructura tur\u00edstica, frente la permanente criminalidad cotidiana, en la zona tur\u00edstica y mayor contundencia, en las zonas urbana, suburbana y rural.<\/p>\n<p>En apariencia se podr\u00eda conceder la raz\u00f3n a este argumento, m\u00e1s no es as\u00ed, porque la crisis de la violencia es de larga data, se desat\u00f3 en los gobiernos de Ren\u00e9 Ju\u00e1rez Cisneros y Zeferino Torreblanca Galindo. Los gobiernos subsecuentes supieron administrar la crisis para que no implosionara.<\/p>\n<p>Desde esas fechas hasta la actualidad, en ning\u00fan momento se han resentido las bajas temporadas por causa de la criminalidad, a excepci\u00f3n en los a\u00f1os de la pandemia.<\/p>\n<p>Se ha observado que el turismo nacional no toma en cuenta de forma determinante este factor para tomar sus vacaciones, muy diferente al turismo internacional que considera prioritaria la seguridad para su tranquilidad y disfrute.<\/p>\n<p>Por consiguiente, no ha sido la inseguridad el factor que desplome a temporadas tur\u00edsticas, porque la violencia criminal no es exclusiva de Acapulco, tambi\u00e9n se vive en Canc\u00fan, Riviera Maya, Los Cabos, Mazatl\u00e1n, Riviera Nayarita, Puerto Vallarta, Guadalajara, Veracruz, Oaxaca, Ciudad de M\u00e9xico e Ixtapa.<\/p>\n<p>Las \u00faltimas estad\u00edsticas oficiales se\u00f1alan una disminuci\u00f3n del 25% en homicidios, aunque la percepci\u00f3n ciudadana se mantiene casi inalterable por la frecuencia de hechos delictivos, situaci\u00f3n que no es visible para los turistas, salvo cuando alg\u00fan incidente violento sucede cerca de su entorno.<\/p>\n<p>Los expertos en seguridad y en materia tur\u00edstica, podr\u00edan tener elementos sobre el impacto de la violencia y la criminalidad, en los centros tur\u00edsticos y como afectan en la afluencia de visitantes, la tasa de desempleo y en la econom\u00eda local.<\/p>\n<p>La realidad econ\u00f3mica de los destinos tur\u00edsticos del pa\u00eds se consolida con fuertes inversiones, as\u00ed ven\u00eda sucediendo en la zona Diamante, -antes del <em>Otis<\/em>&#8211; donde estaban en auge grandes construcciones inmobiliarias, mismas que contribu\u00edan a potenciar a Acapulco, en el mercado nacional, actualmente en declive por las afectaciones causadas por los fen\u00f3menos meteorol\u00f3gicos.<\/p>\n<p>As\u00ed las cosas, el problema de la violencia y la criminalidad, son preocupantes, haciendo necesaria la intervenci\u00f3n del gobierno federal para poner un alto, a fin de evitar mayores estragos de diversa \u00edndole, en la poblaci\u00f3n y el sector productivo. Mientras tanto, se avanza en las nuevas y grandiosas obras para Acapulco.<\/p>\n<p><strong>Marea Baja.-<\/strong> Cual feria del empleo, se registraron m\u00e1s de 100 participantes para la selecci\u00f3n del cargo de una consejer\u00eda del Instituto Electoral y de Participaci\u00f3n Ciudadana (IEPC), elevado n\u00famero de profesionistas para la renovaci\u00f3n de un solo cargo de tipo electoral.<\/p>\n<p>Despu\u00e9s del primer filtro de examen de conocimientos, lograron pasar 15 mujeres y 15 hombres, mismos que se someter\u00e1n a otro examen de competencias gerenciales elaborado por la Unidad de Evaluaci\u00f3n Psicol\u00f3gica, de la Facultad de Estudios Superiores Iztacala, UNAM.<\/p>\n<p>Como el desempleo en los gremios profesionistas est\u00e1 en auge, las pr\u00f3ximas convocatorias oficiales que se expidan, habr\u00e1 un mayor numero de registros para tan pocas oportunidades, m\u00e1xime si se trata de favoritismo, amiguismo o compadrazgos.<\/p>\n<p><strong>Marea Alta.-<\/strong> Una gran falta de tacto y sensibilidad social y pol\u00edtica por parte de la directora de <strong>FONATUR<\/strong>, Lyndia Quiroz Zavala, el subsecretario de Turismo Federal Sebasti\u00e1n Ram\u00edrez y la alcaldesa Abelina L\u00f3pez Rodr\u00edguez, por no atender oportunamente a los prestadores de servicios tur\u00edsticos de la playa Manzanillo y anexas, e ir d\u00e1ndole largas a la reapertura de esa tradicional playa.<\/p>\n<p>Los trabajadores afectados se vieron en la necesidad de retirar la malla cicl\u00f3nica y ocupar su principal fuente empleo, mismos que han sido amenazados por la directora de <strong>FONATUR,<\/strong> de tomar acciones legales por la osad\u00eda de derribar la malla protectora. El dialogo deber\u00eda ser fluido y permanente para evitar suceda este tipo de anomal\u00edas por ambas partes.<\/p>\n<p><strong>Maremoto.-<\/strong> El peligro de la presencia de un nuevo hurac\u00e1n en las costas de Guerrero est\u00e1 latente y las autoridades de Protecci\u00f3n Civil estatal y municipal, han emitido un estado de alerta ante la proximidad de la tormenta tropical <strong>Dalila<\/strong>, que podr\u00eda cobrar mayor fuerza, a partir del s\u00e1bado 14 de junio.<\/p>\n<p>Esperemos que las inundaciones sean menores en este ciclo, debido a una serie de medidas de remediaci\u00f3n tomadas por las autoridades de los tres niveles, principalmente, en las zonas inundables de la Colosio, Renacimiento, Zapata y los fraccionamientos habitacionales cercanos al centro comercial <strong>El Patio.<\/strong><\/p>\n<p><em>) acapulcopress.com<\/em><\/p>\n","protected":false},"excerpt":{"rendered":"<p>Acuso recibo de algunos comentarios respecto la viabilidad de una nueva y esplendorosa \u00e9poca para el puerto, a trav\u00e9s del programa \u201cAcapulco se Transforma Contigo\u201d<\/p>\n","protected":false},"author":1,"featured_media":41280,"comment_status":"closed","ping_status":"open","sticky":false,"template":"","format":"standard","meta":{"footnotes":""},"categories":[2071,1991],"tags":[12503,15575],"class_list":["post-41279","post","type-post","status-publish","format-standard","has-post-thumbnail","hentry","category-opinion-analisis-columnas","category-libertad-de-expresion","tag-maremagnum","tag-ricardo-castillo-barrientos"],"_links":{"self":[{"href":"https:\/\/www.acapulcopress.com\/index.php\/wp-json\/wp\/v2\/posts\/41279","targetHints":{"allow":["GET"]}}],"collection":[{"href":"https:\/\/www.acapulcopress.com\/index.php\/wp-json\/wp\/v2\/posts"}],"about":[{"href":"https:\/\/www.acapulcopress.com\/index.php\/wp-json\/wp\/v2\/types\/post"}],"author":[{"embeddable":true,"href":"https:\/\/www.acapulcopress.com\/index.php\/wp-json\/wp\/v2\/users\/1"}],"replies":[{"embeddable":true,"href":"https:\/\/www.acapulcopress.com\/index.php\/wp-json\/wp\/v2\/comments?post=41279"}],"version-history":[{"count":3,"href":"https:\/\/www.acapulcopress.com\/index.php\/wp-json\/wp\/v2\/posts\/41279\/revisions"}],"predecessor-version":[{"id":41283,"href":"https:\/\/www.acapulcopress.com\/index.php\/wp-json\/wp\/v2\/posts\/41279\/revisions\/41283"}],"wp:featuredmedia":[{"embeddable":true,"href":"https:\/\/www.acapulcopress.com\/index.php\/wp-json\/wp\/v2\/media\/41280"}],"wp:attachment":[{"href":"https:\/\/www.acapulcopress.com\/index.php\/wp-json\/wp\/v2\/media?parent=41279"}],"wp:term":[{"taxonomy":"category","embeddable":true,"href":"https:\/\/www.acapulcopress.com\/index.php\/wp-json\/wp\/v2\/categories?post=41279"},{"taxonomy":"post_tag","embeddable":true,"href":"https:\/\/www.acapulcopress.com\/index.php\/wp-json\/wp\/v2\/tags?post=41279"}],"curies":[{"name":"wp","href":"https:\/\/api.w.org\/{rel}","templated":true}]}}