{"id":41348,"date":"2025-06-14T11:01:08","date_gmt":"2025-06-14T17:01:08","guid":{"rendered":"https:\/\/www.acapulcopress.com\/?p=41348"},"modified":"2025-06-14T11:05:25","modified_gmt":"2025-06-14T17:05:25","slug":"gobierno-del-estado-atiende-afectaciones-por-dalila","status":"publish","type":"post","link":"https:\/\/www.acapulcopress.com\/index.php\/2025\/06\/14\/gobierno-del-estado-atiende-afectaciones-por-dalila\/","title":{"rendered":"Gobierno del estado atiende afectaciones por \u00abDalila\u00bb"},"content":{"rendered":"<p>ACAPULCO * 14 de junio 2025<br \/>\n<em>) Gobierno de Guerrero<br \/>\n<img loading=\"lazy\" decoding=\"async\" class=\"alignleft wp-image-41357 size-cmsmasters-square-thumb\" src=\"https:\/\/www.acapulcopress.com\/wp-content\/uploads\/2025\/06\/vigilanci-escenica-aca2-1-360x360.jpg\" alt=\"\" width=\"360\" height=\"360\" srcset=\"https:\/\/www.acapulcopress.com\/wp-content\/uploads\/2025\/06\/vigilanci-escenica-aca2-1-360x360.jpg 360w, https:\/\/www.acapulcopress.com\/wp-content\/uploads\/2025\/06\/vigilanci-escenica-aca2-1-150x150.jpg 150w, https:\/\/www.acapulcopress.com\/wp-content\/uploads\/2025\/06\/vigilanci-escenica-aca2-1-70x70.jpg 70w\" sizes=\"auto, (max-width: 360px) 100vw, 360px\" \/><\/em>Ante las lluvias registradas durante la madrugada y primeras horas de este s\u00e1bado por la tormenta tropical<em> Dalila<\/em>, la gobernadora Evelyn Salgado Pineda instruy\u00f3 reforzar e intensificar las acciones de atenci\u00f3n a la poblaci\u00f3n y vigilancia de las principales v\u00edas de comunicaci\u00f3n afectadas, con el objetivo de salvaguardar vidas y reducir riesgos en distintas regiones del estado.<\/p>\n<p>En una labor conjunta, elementos de la Secretar\u00eda de Gesti\u00f3n Integral de Riesgos y Protecci\u00f3n Civil, junto con personal de la Secretar\u00eda de Seguridad P\u00fablica estatal, mantienen presencia en Acapulco, particularmente en la Avenida Esc\u00e9nica, donde brindan apoyo vial a automovilistas debido a la ca\u00edda de rocas y lodo provocados por deslaves.<\/p>\n<p>En el municipio de Coyuca de Ben\u00edtez, la Polic\u00eda Estatal resguarda el refugio temporal habilitado desde la noche del viernes en la iglesia de la comunidad de Venustiano Carranza, brindando seguridad a las familias que se trasladaron al lugar.<\/p>\n<p>Mientras tanto, en la carretera Atoyac \u2013 Heliodoro Castillo, elementos de la Polic\u00eda Estatal realizan patrullajes y labores de retiro de \u00e1rboles ca\u00eddos para restablecer la circulaci\u00f3n. Las acciones de monitoreo y apoyo contin\u00faan en distintos puntos del estado, con recorridos permanentes para atender cualquier emergencia.<\/p>\n<p>La gobernadora Evelyn Salgado exhort\u00f3 a la poblaci\u00f3n a extremar precauciones, mantenerse informada y atender los avisos emitidos por los canales oficiales de Protecci\u00f3n Civil.<\/p>\n<p><img loading=\"lazy\" decoding=\"async\" class=\"alignnone size-post-thumbnail wp-image-41358\" src=\"https:\/\/www.acapulcopress.com\/wp-content\/uploads\/2025\/06\/vigilanci-escenica-aca3-1-860x655.jpg\" alt=\"\" width=\"860\" height=\"655\" \/><br \/>\n<img loading=\"lazy\" decoding=\"async\" class=\"alignnone size-post-thumbnail wp-image-41354\" src=\"https:\/\/www.acapulcopress.com\/wp-content\/uploads\/2025\/06\/AFECTACIONES-DALILA7-860x655.jpg\" alt=\"\" width=\"860\" height=\"655\" \/><br \/>\n<img loading=\"lazy\" decoding=\"async\" class=\"alignnone wp-image-41349 size-post-thumbnail\" src=\"https:\/\/www.acapulcopress.com\/wp-content\/uploads\/2025\/06\/AFECTACIONES-DALILA2-860x655.jpg\" alt=\"\" width=\"860\" height=\"655\" \/><br \/>\n<img loading=\"lazy\" decoding=\"async\" class=\"alignnone size-post-thumbnail wp-image-41350\" src=\"https:\/\/www.acapulcopress.com\/wp-content\/uploads\/2025\/06\/AFECTACIONES-DALILA3-860x655.jpg\" alt=\"\" width=\"860\" height=\"655\" \/><br \/>\n<img loading=\"lazy\" decoding=\"async\" class=\"alignnone size-post-thumbnail wp-image-41351\" src=\"https:\/\/www.acapulcopress.com\/wp-content\/uploads\/2025\/06\/AFECTACIONES-DALILA4-860x655.jpg\" alt=\"\" width=\"860\" height=\"655\" \/> <img loading=\"lazy\" decoding=\"async\" class=\"alignnone size-post-thumbnail wp-image-41352\" src=\"https:\/\/www.acapulcopress.com\/wp-content\/uploads\/2025\/06\/AFECTACIONES-DALILA5-860x585.jpg\" alt=\"\" width=\"860\" height=\"585\" \/><br \/>\n<img loading=\"lazy\" decoding=\"async\" class=\"alignnone size-post-thumbnail wp-image-41353\" src=\"https:\/\/www.acapulcopress.com\/wp-content\/uploads\/2025\/06\/AFECTACIONES-DALILA6-860x655.jpg\" alt=\"\" width=\"860\" height=\"655\" \/><br \/>\n<em>) acapulcopress.com<\/em><\/p>\n","protected":false},"excerpt":{"rendered":"<p>Tras la tormenta tropical Dalila, la gobernadora Evelyn Salgado instruy\u00f3 reforzar la atenci\u00f3n a la poblaci\u00f3n<\/p>\n","protected":false},"author":1,"featured_media":41356,"comment_status":"closed","ping_status":"open","sticky":false,"template":"","format":"standard","meta":{"footnotes":""},"categories":[2036,1969],"tags":[],"class_list":["post-41348","post","type-post","status-publish","format-standard","has-post-thumbnail","hentry","category-el-clima","category-trending"],"_links":{"self":[{"href":"https:\/\/www.acapulcopress.com\/index.php\/wp-json\/wp\/v2\/posts\/41348","targetHints":{"allow":["GET"]}}],"collection":[{"href":"https:\/\/www.acapulcopress.com\/index.php\/wp-json\/wp\/v2\/posts"}],"about":[{"href":"https:\/\/www.acapulcopress.com\/index.php\/wp-json\/wp\/v2\/types\/post"}],"author":[{"embeddable":true,"href":"https:\/\/www.acapulcopress.com\/index.php\/wp-json\/wp\/v2\/users\/1"}],"replies":[{"embeddable":true,"href":"https:\/\/www.acapulcopress.com\/index.php\/wp-json\/wp\/v2\/comments?post=41348"}],"version-history":[{"count":3,"href":"https:\/\/www.acapulcopress.com\/index.php\/wp-json\/wp\/v2\/posts\/41348\/revisions"}],"predecessor-version":[{"id":41361,"href":"https:\/\/www.acapulcopress.com\/index.php\/wp-json\/wp\/v2\/posts\/41348\/revisions\/41361"}],"wp:featuredmedia":[{"embeddable":true,"href":"https:\/\/www.acapulcopress.com\/index.php\/wp-json\/wp\/v2\/media\/41356"}],"wp:attachment":[{"href":"https:\/\/www.acapulcopress.com\/index.php\/wp-json\/wp\/v2\/media?parent=41348"}],"wp:term":[{"taxonomy":"category","embeddable":true,"href":"https:\/\/www.acapulcopress.com\/index.php\/wp-json\/wp\/v2\/categories?post=41348"},{"taxonomy":"post_tag","embeddable":true,"href":"https:\/\/www.acapulcopress.com\/index.php\/wp-json\/wp\/v2\/tags?post=41348"}],"curies":[{"name":"wp","href":"https:\/\/api.w.org\/{rel}","templated":true}]}}