{"id":41380,"date":"2025-06-14T14:10:22","date_gmt":"2025-06-14T20:10:22","guid":{"rendered":"https:\/\/www.acapulcopress.com\/?p=41380"},"modified":"2025-06-14T14:44:30","modified_gmt":"2025-06-14T20:44:30","slug":"carlos-manzo-el-alcalde-que-el-sabio-pueblo-demanda","status":"publish","type":"post","link":"https:\/\/www.acapulcopress.com\/index.php\/2025\/06\/14\/carlos-manzo-el-alcalde-que-el-sabio-pueblo-demanda\/","title":{"rendered":"Carlos Manzo, el alcalde que el &#8216;sabio pueblo&#8217; demanda"},"content":{"rendered":"<p><strong>E d i t o r i a l | <\/strong>El 22 de octubre del 2022, siendo diputado federal, estas im\u00e1genes de<strong> <span class=\"xv78j7m\" spellcheck=\"false\">Carlos Alberto Manzo Rodr\u00edguez<\/span>\u00a0<\/strong>dieron la vuelta al mundo, siendo <img loading=\"lazy\" decoding=\"async\" class=\"alignleft wp-image-41383 size-cmsmasters-square-thumb\" src=\"https:\/\/www.acapulcopress.com\/wp-content\/uploads\/2025\/06\/carlos-manzo2-360x360.jpg\" alt=\"\" width=\"360\" height=\"360\" srcset=\"https:\/\/www.acapulcopress.com\/wp-content\/uploads\/2025\/06\/carlos-manzo2-360x360.jpg 360w, https:\/\/www.acapulcopress.com\/wp-content\/uploads\/2025\/06\/carlos-manzo2-150x150.jpg 150w, https:\/\/www.acapulcopress.com\/wp-content\/uploads\/2025\/06\/carlos-manzo2-70x70.jpg 70w\" sizes=\"auto, (max-width: 360px) 100vw, 360px\" \/>reprimido por defender a su pueblo con hechos, sin politiquer\u00edas ni simulaciones.<\/p>\n<p>No obstante, estar del lado correcto tuvo su recompensa. El 1 de septiembre de 2024, \u00abEl del Sombrero\u00bb, como se le conoce, tom\u00f3 protesta como alcalde de Uruapan, Michoac\u00e1n, por decisi\u00f3n un\u00e1nime del pueblo al que, como presidente municipal, sigue defendiendo, sin darle tregua a la corrupcion y la delincuencia organizada, exponiendo, inclusive, su vida.<\/p>\n<p>Con valor civil y amparado a su obligaci\u00f3n constitucional, el alcalde logr\u00f3 depurar las infiltraciones de la polic\u00eda local, dot\u00e1ndola de mejor equipo, trat\u00e1ndola con decoro y d\u00e1ndole mejor armamento y hasta unidades blindadas para que cumpla con su deber de proteger a la ciudadan\u00eda, no a los criminales. Actualmente, el llamado \u00abBukele de M\u00e9xico\u00bb, personalmente realiza operativos viales y coordina operativos por aire y tierra contra los criminales (por cierto, \u00bfd\u00f3nde andar\u00e1 <strong><em><span class=\"xv78j7m\" spellcheck=\"false\">#Esthelita<\/span><\/em><\/strong> <strong>Dami\u00e1n<\/strong>, la que tambi\u00e9n quiere gobernar Guererro en 20027 y actualmente est\u00e1 comisionada por su jefa Claudia Sheinbaum para combatir de la violencia en Guererro?).<\/p>\n<p>\u00a1Pobre Acapulco, con una alcaldesa corrupta y omisa de nombre <strong><span class=\"xv78j7m\" spellcheck=\"false\">Abelina L\u00f3pez Rodr\u00edguez<\/span><\/strong>, quien lejos de preocuparse por sus obligaciones constitucionales y la rendici\u00f3n de cuentas se halla entregada en cuerpo y alma a su sue\u00f1o de gobernar Guerrero, mientras su municipio se <img loading=\"lazy\" decoding=\"async\" class=\"alignleft wp-image-41384 size-cmsmasters-square-thumb\" src=\"https:\/\/www.acapulcopress.com\/wp-content\/uploads\/2025\/06\/carlos-manzo4-360x360.jpg\" alt=\"\" width=\"360\" height=\"360\" srcset=\"https:\/\/www.acapulcopress.com\/wp-content\/uploads\/2025\/06\/carlos-manzo4-360x360.jpg 360w, https:\/\/www.acapulcopress.com\/wp-content\/uploads\/2025\/06\/carlos-manzo4-150x150.jpg 150w, https:\/\/www.acapulcopress.com\/wp-content\/uploads\/2025\/06\/carlos-manzo4-70x70.jpg 70w\" sizes=\"auto, (max-width: 360px) 100vw, 360px\" \/>halla en el completo abandono y el olvido, convertido en \u00abpocilga\u00bb y \u00abretrete\u00bb y reh\u00e9n de la delincuencia, la violencia y a merced de su suerte!<\/p>\n<p>\u00a1Y todav\u00eda quedan ciudadanos c\u00f3mplices que la quieren de gobernadora, cuando por sus propios hechos de corrupci\u00f3n la famosa &#8216;t\u00eda Abe&#8217; deber\u00eda estar en la c\u00e1rcel, no so\u00f1ando con la gubernatura en 2027!<\/p>\n<p>De nada sirve el politiquero discurso de la presidente <strong><span class=\"xv78j7m\" spellcheck=\"false\">Claudia Sheinbaum Pardo<\/span><\/strong>, quien hoy dijo en su ma\u00f1anera que \u00abel dinero es del pueblo y se debe regresar al pueblo en obras\u00bb, y que con Morena y la 4T \u00abla corrupci\u00f3n es cosa del pesado\u00bb, si Abelina L\u00f3pez es el m\u00e1s claro ejemplo de impunidad, de apapacho, de &#8216;maternalismo&#8217; presidencial.<\/p>\n<p>&#8216;Abelina Pilatos&#8217; se la vive en las rid\u00edculas y c\u00edniccas excusas en la asignatura de seguridad p\u00fablica: \u00abNo soy fiscal\u00bb, \u00abes competencia federal\u00bb, etc\u00e9tera, etc\u00e9tera y etc\u00e9tera. El caso es que todo le vale &#8216;m&#8217;, excpeto su sue\u00f1o id\u00edlico de gobernar.<\/p>\n<p>\u00bfPero qu\u00e9 tal para negarse a rendir cuentas? \u00a1En eso s\u00ed hace valer su Maestr\u00eda y Doctorado del <em>Conamat!<\/em><\/p>\n<p>Carlos Manzo, sin dudas, ni zalamer\u00edas profanas, es el alcalde que muchos municipios necesitan y reclaman&#8230; especialmente Acapulco, donde ni presumiendo la honestidad que le inculc\u00f3 su padre, los acapulque\u00f1os pensantes y con conciencia ya se hartaron de mentiras, embuster\u00edas, simulaciones, politiquer\u00edas, impunidad, negligencia, opacidad y corrupci\u00f3n.<\/p>\n<p><img loading=\"lazy\" decoding=\"async\" class=\"alignnone size-post-thumbnail wp-image-41382\" src=\"https:\/\/www.acapulcopress.com\/wp-content\/uploads\/2025\/06\/carlos-manzo-oresidente-860x655.jpg\" alt=\"\" width=\"860\" height=\"655\" \/><\/p>\n<p><em>) acapulcopress.com<\/em><\/p>\n","protected":false},"excerpt":{"rendered":"<p>E d i t o r i a l | El 22 de octubre del 2022, siendo diputado federal, estas im\u00e1genes de Carlos Alberto Manzo Rodr\u00edguez\u00a0dieron la vuelta al mundo, siendo reprimido por defender a su pueblo con hechos, sin politiquer\u00edas ni simulaciones. No obstante, estar del lado correcto tuvo su recompensa. El 1 de&#8230;<\/p>\n","protected":false},"author":1,"featured_media":41381,"comment_status":"closed","ping_status":"open","sticky":false,"template":"","format":"standard","meta":{"footnotes":""},"categories":[1997],"tags":[18480,18479,3077,18478,5853,8176],"class_list":["post-41380","post","type-post","status-publish","format-standard","has-post-thumbnail","hentry","category-noticias-destacadas","tag-el-bukele-de-mexico","tag-el-del-sombrero","tag-abelina-lopez-rodriguez","tag-carlos-alberto-manzo-rodriguez","tag-claudia-sheinbaum-pardo","tag-esthela-damian-peralta"],"_links":{"self":[{"href":"https:\/\/www.acapulcopress.com\/index.php\/wp-json\/wp\/v2\/posts\/41380","targetHints":{"allow":["GET"]}}],"collection":[{"href":"https:\/\/www.acapulcopress.com\/index.php\/wp-json\/wp\/v2\/posts"}],"about":[{"href":"https:\/\/www.acapulcopress.com\/index.php\/wp-json\/wp\/v2\/types\/post"}],"author":[{"embeddable":true,"href":"https:\/\/www.acapulcopress.com\/index.php\/wp-json\/wp\/v2\/users\/1"}],"replies":[{"embeddable":true,"href":"https:\/\/www.acapulcopress.com\/index.php\/wp-json\/wp\/v2\/comments?post=41380"}],"version-history":[{"count":5,"href":"https:\/\/www.acapulcopress.com\/index.php\/wp-json\/wp\/v2\/posts\/41380\/revisions"}],"predecessor-version":[{"id":41390,"href":"https:\/\/www.acapulcopress.com\/index.php\/wp-json\/wp\/v2\/posts\/41380\/revisions\/41390"}],"wp:featuredmedia":[{"embeddable":true,"href":"https:\/\/www.acapulcopress.com\/index.php\/wp-json\/wp\/v2\/media\/41381"}],"wp:attachment":[{"href":"https:\/\/www.acapulcopress.com\/index.php\/wp-json\/wp\/v2\/media?parent=41380"}],"wp:term":[{"taxonomy":"category","embeddable":true,"href":"https:\/\/www.acapulcopress.com\/index.php\/wp-json\/wp\/v2\/categories?post=41380"},{"taxonomy":"post_tag","embeddable":true,"href":"https:\/\/www.acapulcopress.com\/index.php\/wp-json\/wp\/v2\/tags?post=41380"}],"curies":[{"name":"wp","href":"https:\/\/api.w.org\/{rel}","templated":true}]}}