{"id":41395,"date":"2025-06-16T17:15:03","date_gmt":"2025-06-16T23:15:03","guid":{"rendered":"https:\/\/www.acapulcopress.com\/?p=41395"},"modified":"2025-06-16T17:32:22","modified_gmt":"2025-06-16T23:32:22","slug":"los-alegres-del-barranco-lanzan-corrrido-antinarco","status":"publish","type":"post","link":"https:\/\/www.acapulcopress.com\/index.php\/2025\/06\/16\/los-alegres-del-barranco-lanzan-corrrido-antinarco\/","title":{"rendered":"Los Alegres del Barranco lanzan corrrido &#8216;antinarco&#8217;"},"content":{"rendered":"<p>CIUDAD DE M\u00c9XICO * 16 de junio 2025<br \/>\n<a href=\"https:\/\/www.proceso.com.mx\/nacional\/estados\/2025\/6\/16\/los-alegres-del-barranco-lanzan-cancion-contra-el-crimen-organizado-353142.html\" target=\"_blank\" rel=\"noopener\"><em>) Apro<\/em><\/a><br \/>\nLa agrupaci\u00f3n musical<em> Los Alegres del Barranco<\/em> lanz\u00f3 su nueva canci\u00f3n \u201cEl Consejo\u201d como respuesta a la invitaci\u00f3n del gobernador de Jalisco, <strong>Jes\u00fas Pablo Lemus Navarro<\/strong>, tras haber sido vinculados por apolog\u00eda del delito.<\/p>\n<p>La canci\u00f3n fue publicada el pasado domingo 15 de junio a trav\u00e9s de su canal de<em> YouTube.<\/em> Con una duraci\u00f3n de casi tres minutos, el grupo musical menciona las consecuencias de vincularse con el crimen organizado.<\/p>\n<p>\u201cVoy a darte un buen consejo, si quieres llegar a viejo. No te enganches con lo malo, nada bueno deja eso. Si crees que es dinero f\u00e1cil, ponles atenci\u00f3n a estos versos. (\u2026) Siempre existen m\u00e1s opciones para salir adelante, no todo es como lo pintan, una vez que te enredaste solo quedan dos caminos: el del pante\u00f3n o la c\u00e1rcel\u201d, son algunas de las frases que se pueden escuchar durante la canci\u00f3n.<\/p>\n<p>El nuevo sencillo fue realizado como respuesta a la recomendaci\u00f3n del gobernador del estado de Jalisco, Jes\u00fas Pablo Lemus Navarro, quien le sugiri\u00f3 al grupo musical que participar\u00e1 en actividades preventivas ante el crimen organizado, dirigidas a los j\u00f3venes.<\/p>\n<p>Los Alegres del Barranco publicaron un video en sus redes sociales invitando a las personas a escuchar su nueva canci\u00f3n, \u201cprobablemente la historia m\u00e1s importante que queremos contar\u201d, expres\u00f3 la agrupaci\u00f3n.<\/p>\n<p>\u201cEl crimen no es un juego y si entras en \u00e9l no hay ning\u00fan final feliz. No te arriesgues, no rompas la tranquilidad de tu familia. \u00a1No te metas!\u201d, se lee en la descripci\u00f3n de la publicaci\u00f3n.<\/p>\n<p>\u201c(\u2026) Hicimos una canci\u00f3n a partir de la invitaci\u00f3n que nos hizo el se\u00f1or gobernador, Pablo Lemus, sobre una canci\u00f3n para incitar a toda la juventud, a toda la sociedad, en hacer las cosas bien e irse por el buen camino\u201d.<\/p>\n<p>\u201cVoy a darte un buen consejo, si quieres llegar a viejo. No te enganches con lo malo, nada bueno deja eso. Si crees que es dinero f\u00e1cil, ponles atenci\u00f3n a estos versos. (\u2026) Siempre existen m\u00e1s opciones para salir adelante, no todo es como lo pintan, una vez que te enredaste solo quedan dos caminos: el del pante\u00f3n o la c\u00e1rcel\u201d, son algunas de las frases que se pueden escuchar durante la canci\u00f3n.<\/p>\n<p>El nuevo sencillo fue realizado como respuesta a la recomendaci\u00f3n del gobernador del estado de Jalisco, Jes\u00fas Pablo Lemus Navarro, quien le sugiri\u00f3 al grupo musical que participar\u00e1 en actividades preventivas ante el crimen organizado, dirigidas a los j\u00f3venes.<\/p>\n<p>Los Alegres del Barranco publicaron un video en sus redes sociales invitando a las personas a escuchar su nueva canci\u00f3n, \u201cprobablemente la historia m\u00e1s importante que queremos contar\u201d, expres\u00f3 la agrupaci\u00f3n.<\/p>\n<p>\u201cEl crimen no es un juego y si entras en \u00e9l no hay ning\u00fan final feliz. No te arriesgues, no rompas la tranquilidad de tu familia. \u00a1No te metas!\u201d, se lee en la descripci\u00f3n de la publicaci\u00f3n.<\/p>\n<p>\u201c(\u2026) Hicimos una canci\u00f3n a partir de la invitaci\u00f3n que nos hizo el se\u00f1or gobernador, Pablo Lemus, sobre una canci\u00f3n para incitar a toda la juventud, a toda la sociedad, en hacer las cosas bien e irse por el buen camino\u201d.<\/p>\n<p>Por su parte, la Fiscal\u00eda de Jalisco dio a conocer que existe la posibilidad de una suspensi\u00f3n condicional del proceso legal, debido a la disposici\u00f3n al emitir un mensaje positivo mediante la canci\u00f3n.<\/p>\n<p>La suspensi\u00f3n \u2014prevista en el art\u00edculo 191 del C\u00f3digo Nacional de Procedimientos Penales, deber\u00e1 ser autorizada por un juez\u2014 podr\u00eda cancelar la garant\u00eda econ\u00f3mica que depositaron ante el juzgado, as\u00ed como poner en pausa las medidas cautelares. Sin embargo, la l\u00ednea de investigaci\u00f3n donde hubo un aseguramiento econ\u00f3mico, seguir\u00e1 en pie.<\/p>\n<p>Para las otras tres l\u00edneas de investigaci\u00f3n sobre las presentaciones en los tres municipios del estado, podr\u00e1n determinarse soluciones alternas, mientras que los responsables ya se encuentren vinculados a proceso.<\/p>\n<p>Antecedentes legales<br \/>\nLa Fiscal\u00eda del Estado de Jalisco abri\u00f3 cinco carpetas de investigaci\u00f3n donde el grupo de regional mexicano es acusado por apolog\u00eda del delito durante cuatro presentaciones en los municipios de Cihuatl\u00e1n, Villa Purificaci\u00f3n y Tequila.<\/p>\n<p>Asimismo, por presuntamente utilizar una empresa fantasma para firmar el contrato de su concierto del pasado 29 de marzo en el Auditorio Telmex, en la ciudad de Zapopan.<\/p>\n<p>En dicho evento, la agrupaci\u00f3n musical fue se\u00f1alada por proyectar fotograf\u00edas del l\u00edder del C\u00e1rtel Jalisco Nueva Generaci\u00f3n, Nemesio Oseguera Cervantes, alias \u201cEl Mencho\u201d, durante su canci\u00f3n \u201cEl due\u00f1o del Palenque\u201d.<\/p>\n<p>Tras este suceso, fueron asegurados 5.8 millones de pesos, correspondientes a las ganancias de la presentaci\u00f3n, originadas del acto de apolog\u00eda, y se les solicit\u00f3 una fianza de un mill\u00f3n 800 mil pesos.<\/p>\n<p>El grupo musical se encuentra bajo medidas cautelares como no poder salir del estado, as\u00ed como la suspensi\u00f3n de sus visas para no viajar a Estados Unidos.<\/p>\n<p><strong>\u00bfQui\u00e9nes son <em>Los Alegres del Barranco<\/em>?<\/strong><\/p>\n<p>Un grupo de m\u00fasica regional mexicana, originario de San Jos\u00e9 del Barranco, municipio de Badiraguato, del estado de Sinaloa.<\/p>\n<p>Los integrantes de la agrupaci\u00f3n sinaloense son: Armando Moreno \u00c1lvarez, Jos\u00e9 Pavel Moreno Serrano, Jos\u00e9 Carlos Moreno \u00c1lvarez y Crist\u00f3bal Reyes L\u00f3pez. Los Alegres del Barranco son conocidos por temas basados en el narcocorrido.<\/p>\n<p><em>) acapulcopress.com<\/em><\/p>\n","protected":false},"excerpt":{"rendered":"<p>La agrupaci\u00f3n musical \u00abLos Alegres del Barranco\u00bb lanz\u00f3 este domingo15 de junio, a trav\u00e9s de Youtube, un nuevo corrido en el que narran las consecuencias de vincularse con el crimen organizado<\/p>\n","protected":false},"author":1,"featured_media":41396,"comment_status":"closed","ping_status":"open","sticky":false,"template":"","format":"standard","meta":{"footnotes":""},"categories":[1988,18481],"tags":[18482,18485,18486,18484,18483,12063],"class_list":["post-41395","post","type-post","status-publish","format-standard","has-post-thumbnail","hentry","category-lifestyles","category-musica","tag-armando-moreno-alvarez","tag-el-consejo-los-alegres-del-barranco","tag-jesus-pablo-lemus-navarro","tag-jose-carlos-moreno-alvarez-cristobal-reyes-lopez","tag-jose-pavel-moreno-serrano","tag-los-alegres-del-barranco"],"_links":{"self":[{"href":"https:\/\/www.acapulcopress.com\/index.php\/wp-json\/wp\/v2\/posts\/41395","targetHints":{"allow":["GET"]}}],"collection":[{"href":"https:\/\/www.acapulcopress.com\/index.php\/wp-json\/wp\/v2\/posts"}],"about":[{"href":"https:\/\/www.acapulcopress.com\/index.php\/wp-json\/wp\/v2\/types\/post"}],"author":[{"embeddable":true,"href":"https:\/\/www.acapulcopress.com\/index.php\/wp-json\/wp\/v2\/users\/1"}],"replies":[{"embeddable":true,"href":"https:\/\/www.acapulcopress.com\/index.php\/wp-json\/wp\/v2\/comments?post=41395"}],"version-history":[{"count":5,"href":"https:\/\/www.acapulcopress.com\/index.php\/wp-json\/wp\/v2\/posts\/41395\/revisions"}],"predecessor-version":[{"id":41404,"href":"https:\/\/www.acapulcopress.com\/index.php\/wp-json\/wp\/v2\/posts\/41395\/revisions\/41404"}],"wp:featuredmedia":[{"embeddable":true,"href":"https:\/\/www.acapulcopress.com\/index.php\/wp-json\/wp\/v2\/media\/41396"}],"wp:attachment":[{"href":"https:\/\/www.acapulcopress.com\/index.php\/wp-json\/wp\/v2\/media?parent=41395"}],"wp:term":[{"taxonomy":"category","embeddable":true,"href":"https:\/\/www.acapulcopress.com\/index.php\/wp-json\/wp\/v2\/categories?post=41395"},{"taxonomy":"post_tag","embeddable":true,"href":"https:\/\/www.acapulcopress.com\/index.php\/wp-json\/wp\/v2\/tags?post=41395"}],"curies":[{"name":"wp","href":"https:\/\/api.w.org\/{rel}","templated":true}]}}