{"id":41403,"date":"2025-06-16T17:55:50","date_gmt":"2025-06-16T23:55:50","guid":{"rendered":"https:\/\/www.acapulcopress.com\/?p=41403"},"modified":"2025-06-16T18:02:46","modified_gmt":"2025-06-17T00:02:46","slug":"pronostican-lluvias-intensas-por-ciclon-tropical-cinco-e","status":"publish","type":"post","link":"https:\/\/www.acapulcopress.com\/index.php\/2025\/06\/16\/pronostican-lluvias-intensas-por-ciclon-tropical-cinco-e\/","title":{"rendered":"Pronostican lluvias intensas por cicl\u00f3n tropical Cinco-E"},"content":{"rendered":"<p>CIUDAD DE M\u00c9XICO * 16 de junio 2025<br \/>\n<em>) Sistema Meteorol\u00f3gico Nacional<br \/>\n<\/em>A las 15:00 horas, tiempo del centro de M\u00e9xico, se form\u00f3 el potencial <em>cicl\u00f3n tropical Cinco-E<\/em>, en el oc\u00e9ano Pac\u00edfico, que\u00a0 podr\u00eda intensificarse <img loading=\"lazy\" decoding=\"async\" class=\"alignleft wp-image-41406 size-cmsmasters-square-thumb\" src=\"https:\/\/www.acapulcopress.com\/wp-content\/uploads\/2025\/06\/LLUVIAS-GRO-360x360.jpg\" alt=\"\" width=\"360\" height=\"360\" srcset=\"https:\/\/www.acapulcopress.com\/wp-content\/uploads\/2025\/06\/LLUVIAS-GRO-360x360.jpg 360w, https:\/\/www.acapulcopress.com\/wp-content\/uploads\/2025\/06\/LLUVIAS-GRO-150x150.jpg 150w, https:\/\/www.acapulcopress.com\/wp-content\/uploads\/2025\/06\/LLUVIAS-GRO-70x70.jpg 70w\" sizes=\"auto, (max-width: 360px) 100vw, 360px\" \/>a tormenta tropical durante esta noche y la madrugada del martes, seg\u00fan el pron\u00f3stico de la Conagua, quien recomend\u00f3 a la poblaci\u00f3n de Guerrero que, aunque su trayectoria apunta hacia Oaxaca, mantenerse en vigilancia permanente ya que su evoluci\u00f3n podr\u00eda generar lluvias fuertes en Acapulco, Costa Chica, Monta\u00f1a y la regi\u00f3n Centro de Guerrero a partir de ma\u00f1ana.<\/p>\n<p>El fen\u00f3meno metereol\u00f3gico se localiz\u00f3 a 580 kil\u00f3metros (km) al sur-sureste de Boca de Pijijiapan, Chiapas, y a 980 km al sureste de Punta Maldonado, Guerrero.<\/p>\n<p>Tiene vientos m\u00e1ximos sostenidos de 55 kil\u00f3metros por hora (km\/h), rachas de 75 km\/h y desplazamiento hacia el oeste-noroeste a 13 km\/h. Sus bandas nubosas ocasionar\u00e1n lluvias intensas (de 75 a 150 mil\u00edmetros [mm]) en Oaxaca y Chipas, as\u00ed como viento con rachas de 40 a 60 km\/h y oleaje de 1.5 a 2.5 metros de altura en costas de esos estados.<\/p>\n<p>Se espera que, en el transcurso de la noche de hoy o las primeras horas de ma\u00f1ana, el sistema se intensifique a tormenta tropical, por lo que se incrementar\u00e1n los vientos y el oleaje en las costas de los estados mencionados.<\/p>\n<p>Las precipitaciones mencionadas podr\u00edan generar deslaves, incremento en niveles de r\u00edos y arroyos, as\u00ed como desbordamientos e inundaciones en zonas bajas de los estados mencionados, por lo que se exhorta a la poblaci\u00f3n a atender los avisos del <em>Servicio Meteorol\u00f3gico Nacional<\/em>, de la <em>Comisi\u00f3n Nacional del Agua,<\/em> y seguir las recomendaciones de Protecci\u00f3n Civil y mantenerse informado en las p\u00e1ginas oficiales <a href=\"http:\/\/www.gob.mx\/conagua\" target=\"_blank\" rel=\"noopener\"><em>www.gob.mx\/conagua<\/em><\/a> y <a href=\"https:\/\/smn.conagua.gob.mx\" target=\"_blank\" rel=\"noopener\">https:\/\/smn.conagua.gob.mx<\/a>, as\u00ed como en las cuentas de <em>X<\/em> <a href=\"https:\/\/x.com\/conagua_mx\" target=\"_blank\" rel=\"noopener\"><em>@conagua_mx<\/em><\/a> y <a href=\"https:\/\/x.com\/conagua_clima\" target=\"_blank\" rel=\"noopener\">@conagua_clima<\/a> y de <em>Facebook, <a href=\"http:\/\/www.facebook.com\/conaguamx\" target=\"_blank\" rel=\"noopener\">www.facebook.com\/conaguamx<\/a><\/em>, as\u00ed como en la aplicaci\u00f3n para dispositivos m\u00f3viles <a href=\"https:\/\/play.google.com\/store\/apps\/details?id=conagua.gob.mx.smntiempo&amp;hl=es_MX&amp;pli=1\" target=\"_blank\" rel=\"noopener\"><em>ConaguaClima<\/em><\/a>, (Androis) y <a href=\"https:\/\/apps.apple.com\/mx\/app\/conaguaclima\/id1498242090\" target=\"_blank\" rel=\"noopener\"><em>ConaguaClima<\/em><\/a> (iOs), donde se puede consultar el pron\u00f3stico por municipio.<\/p>\n<p><img loading=\"lazy\" decoding=\"async\" class=\"alignnone wp-image-41408 size-post-thumbnail\" src=\"https:\/\/www.acapulcopress.com\/wp-content\/uploads\/2025\/06\/LLUVIAS-GRO5-e1750118143954-860x560.jpg\" alt=\"\" width=\"860\" height=\"560\" \/><br \/>\n<em>) acapulcopress.com<\/em><\/p>\n","protected":false},"excerpt":{"rendered":"<p>A las 15 horas se form\u00f3 el cicl\u00f3n tropical Cinco-E; podr\u00eda intensificarse a tormenta esta noche y la madrugada del martes<\/p>\n","protected":false},"author":1,"featured_media":41405,"comment_status":"closed","ping_status":"open","sticky":false,"template":"","format":"standard","meta":{"footnotes":""},"categories":[2036,1969],"tags":[18487,6185,15095,18488],"class_list":["post-41403","post","type-post","status-publish","format-standard","has-post-thumbnail","hentry","category-el-clima","category-trending","tag-ciclon-tropical-cinco-e","tag-comision-nacional-del-agua","tag-proteccion-civil","tag-sistema-meteorologico-nacional"],"_links":{"self":[{"href":"https:\/\/www.acapulcopress.com\/index.php\/wp-json\/wp\/v2\/posts\/41403","targetHints":{"allow":["GET"]}}],"collection":[{"href":"https:\/\/www.acapulcopress.com\/index.php\/wp-json\/wp\/v2\/posts"}],"about":[{"href":"https:\/\/www.acapulcopress.com\/index.php\/wp-json\/wp\/v2\/types\/post"}],"author":[{"embeddable":true,"href":"https:\/\/www.acapulcopress.com\/index.php\/wp-json\/wp\/v2\/users\/1"}],"replies":[{"embeddable":true,"href":"https:\/\/www.acapulcopress.com\/index.php\/wp-json\/wp\/v2\/comments?post=41403"}],"version-history":[{"count":4,"href":"https:\/\/www.acapulcopress.com\/index.php\/wp-json\/wp\/v2\/posts\/41403\/revisions"}],"predecessor-version":[{"id":41412,"href":"https:\/\/www.acapulcopress.com\/index.php\/wp-json\/wp\/v2\/posts\/41403\/revisions\/41412"}],"wp:featuredmedia":[{"embeddable":true,"href":"https:\/\/www.acapulcopress.com\/index.php\/wp-json\/wp\/v2\/media\/41405"}],"wp:attachment":[{"href":"https:\/\/www.acapulcopress.com\/index.php\/wp-json\/wp\/v2\/media?parent=41403"}],"wp:term":[{"taxonomy":"category","embeddable":true,"href":"https:\/\/www.acapulcopress.com\/index.php\/wp-json\/wp\/v2\/categories?post=41403"},{"taxonomy":"post_tag","embeddable":true,"href":"https:\/\/www.acapulcopress.com\/index.php\/wp-json\/wp\/v2\/tags?post=41403"}],"curies":[{"name":"wp","href":"https:\/\/api.w.org\/{rel}","templated":true}]}}