{"id":41449,"date":"2025-06-17T12:29:24","date_gmt":"2025-06-17T18:29:24","guid":{"rendered":"https:\/\/www.acapulcopress.com\/?p=41449"},"modified":"2025-06-17T12:29:24","modified_gmt":"2025-06-17T18:29:24","slug":"guerrero-en-permanente-estado-de-alerta-por-huracanes","status":"publish","type":"post","link":"https:\/\/www.acapulcopress.com\/index.php\/2025\/06\/17\/guerrero-en-permanente-estado-de-alerta-por-huracanes\/","title":{"rendered":"Guerrero, en permanente estado de alerta por huracanes\u00a0\u00a0\u00a0"},"content":{"rendered":"<p>Marem\u00e1gnum<br \/>\n\u00bb <strong>RICARDO<\/strong> | <strong>CASTILLO BARRIENTOS<\/strong><br \/>\n<em>) Acapulco Press<br \/>\n<\/em><\/p>\n<p>Hasta el momento, los ciclones tropicales formados en el Pac\u00edfico mexicano, no han producido da\u00f1os mayores, el primero, \u201cAlvin\u201d, se desarroll\u00f3 con baja intensidad y vientos moderados, aunque prevaleci\u00f3\u00a0 el temor de su intensificaci\u00f3n, a causa de la temperatura de las aguas marinas, superior a los 31 grados cent\u00edgrados, como se registran en Acapulco, siempre propenso a huracanes de gran magnitud.<\/p>\n<p>El cicl\u00f3n tropical Cuatro-E, evolucion\u00f3 a la Tormenta Tropical \u201cDalila\u201d, con intensas lluvias y fuertes rachas de vientos, provocando leves inundaciones, deslizamientos de rocas e interrupci\u00f3n de carreteras y caminos en varios puntos de la entidad, sin que se haya sufrido p\u00e9rdidas materiales y humanas; mientras los ciclones \u201cCosme\u201d y \u201cBarbara\u201d, transcurrieron sin riesgo.<\/p>\n<p>Durante la presente temporada que inici\u00f3 el 15 de mayo y concluir\u00e1 el 30 de noviembre, se tienen previsto en el Pac\u00edfico, 16 a 20 ciclones, cinco podr\u00edan evolucionar a huracanes categor\u00eda 3 a 5.<\/p>\n<p>Gran parte del territorio guerrerense, principalmente las costas y en particular, Acapulco, se han visto afectados por fen\u00f3menos meteorol\u00f3gicos del alto impacto, ocasionando desastres con significativas p\u00e9rdidas de vidas y a la ecolog\u00eda.<\/p>\n<p>Acapulco, las Costas, Chica y Grande y algunas regiones de la entidad, son vulnerables, debido al cambio clim\u00e1tico y al factor humano que ha contribuido a la devastaci\u00f3n de la naturaleza, por la deforestaci\u00f3n, la contaminaci\u00f3n del medio ambiente y al incremento de la temperatura marina.<\/p>\n<p>Con este panorama adverso, digno de estudios cient\u00edficos y sociales, la cultura de prevenci\u00f3n y protecci\u00f3n civil todav\u00eda es incipiente, no existen pol\u00edticas p\u00fablicas integrales y transversales, donde participen de manera coordinada los tres \u00f3rdenes de gobierno y los sectores social, privado y religioso, para que conjuntamente definan y desarrollen una estrategia tendiente a salvaguardar las vidas y patrimonio de la poblaci\u00f3n m\u00e1s vulnerables en casos de desastre.<\/p>\n<p>Las autoridades municipales de Acapulco, Chilpancingo y Zihuatanejo, se lavan las manos con simples notificaciones a m\u00e1s de 5 mil familias que habitan en 98 sitios de alto riesgo en el puerto y 58 en la capital, justificando su incapacidad para hacer frente con efectividad a cualquier eventualidad de mayores consecuencias, sin realizar la reubicaci\u00f3n de los hogares.<\/p>\n<p>La cultura de prevenci\u00f3n y protecci\u00f3n civil se necesita intensificar y mantenerse de forma permanente, af\u00edn evitar al m\u00e1ximo o disminuir las devastaciones climatol\u00f3gicas, sismol\u00f3gicas u otra \u00edndole. En esta tarea, la responsabilidad may\u00fascula compete al gobierno, no solo con el Plan de Auxilio a la Poblaci\u00f3n Civil en Casos de Desastre, \u201cPlan D-III-E, de la Secretar\u00eda de la Defensa Nacional (SEDENA), as\u00ed como a la concientizaci\u00f3n de la sociedad en su conjunto. Mientras no suceda, estaremos expuestos a todo tipo de desastres naturales.<\/p>\n<p><strong>Marea Baja.-<\/strong> El Gobierno del Estado hace un llamado para mantenerse en estado de alerta, ante la proximidad de la Tormenta Tropical \u201c<strong>ERICK<\/strong>\u201d, con lluvias de muy fuertes a intensas, en las siguientes pr\u00f3ximas horas.<\/p>\n<p>El d\u00eda jueves podr\u00eda evolucionar a nivel de hurac\u00e1n de acuerdo a su trayectoria y velocidad, debi\u00e9ndose tomar las medidas preventivas necesarias para salvaguardar la integridad de las familias y no haya situaciones que lamentar, en la presente temporada de lluvias y huracanes.<\/p>\n<p><strong>Marea Alta.-<\/strong> La Asociaci\u00f3n Civil \u201cOrgullo Calentano\u201d, extiende la m\u00e1s cordial invitaci\u00f3n a la poblaci\u00f3n capitalina y municipios vecinos, a la s\u00e9ptima edici\u00f3n\u00a0 de la Fiesta Calentana, en el marco de los festejos del \u201cD\u00eda de San Juan\u201d, en honor de Juan Bautista Moya.<\/p>\n<p>El magno evento tendr\u00e1 verificativo el pr\u00f3ximo domingo 22 de junio, en la Plaza Primer Congreso de An\u00e1huac, a partir de las dos de la tarde, donde se desarrollar\u00e1 un programa art\u00edstico-cultural, una grandiosa exposici\u00f3n artesanal y una suculenta muestra gastron\u00f3mica, lo m\u00e1s exquisito y tradicional de la Tierra Caliente, inform\u00f3 el connotado calentano y periodista, Julio Ayala Carlos.<\/p>\n<p><strong>Maremoto.-<\/strong> Qui\u00e9n ya entr\u00f3 duro a la pelea por la gubernatura del estado, ni m\u00e1s ni menos, el senador Manuel A\u00f1orve Ba\u00f1os, quien tiene asegurada la candidatura del otrora partido invencible PRI, ante el<em> desgre\u00f1adero<\/em> de aspirantes del partido en el poder, quienes se est\u00e1n pegando con todo, en aras de obtener la ansiada gubernatura, la cual consideran suya por anticipado.<\/p>\n<p>Lo que no saben, es que el famoso <em>\u201cchaparrito cabr\u00f3n\u201d, <\/em>se la sabe de todas, todas y en una de esas, se les podr\u00eda colar hasta la cocina, como sucedi\u00f3 cuando les gan\u00f3 la alcald\u00eda de Acapulco, a Luis Walton de Convergencia y Gloria Sierra, del PRD y candidata del ex gobernador Zeferino Torreblanca.<\/p>\n<p>A\u00f1orve Ba\u00f1os es una figura relevante de la oposici\u00f3n a nivel nacional, as\u00ed que no lo den por muerto, en su tercera investida para lograr su principal objetivo pol\u00edtico de gobernar a su tierra natal.<\/p>\n<p>El pasado fin de semana, pudo congregar a los alcaldes y a cientos de comisarios de la Monta\u00f1a Baja y regi\u00f3n Centro, en Chilapa y Quechultenango, as\u00ed que no lo descarte porque la pol\u00edtica puede dar sorpresas por m\u00e1s imposible que se vea.<br \/>\n) acapulcopress.com<\/p>\n","protected":false},"excerpt":{"rendered":"<p>Marem\u00e1gnum \u00bb RICARDO | CASTILLO BARRIENTOS ) Acapulco Press Hasta el momento, los ciclones tropicales formados en el Pac\u00edfico mexicano, no han producido da\u00f1os mayores, el primero, \u201cAlvin\u201d, se desarroll\u00f3 con baja intensidad y vientos moderados, aunque prevaleci\u00f3\u00a0 el temor de su intensificaci\u00f3n, a causa de la temperatura de las aguas marinas, superior a los&#8230;<\/p>\n","protected":false},"author":1,"featured_media":41450,"comment_status":"closed","ping_status":"open","sticky":false,"template":"","format":"standard","meta":{"footnotes":""},"categories":[2071,1991],"tags":[12503,15575],"class_list":["post-41449","post","type-post","status-publish","format-standard","has-post-thumbnail","hentry","category-opinion-analisis-columnas","category-libertad-de-expresion","tag-maremagnum","tag-ricardo-castillo-barrientos"],"_links":{"self":[{"href":"https:\/\/www.acapulcopress.com\/index.php\/wp-json\/wp\/v2\/posts\/41449","targetHints":{"allow":["GET"]}}],"collection":[{"href":"https:\/\/www.acapulcopress.com\/index.php\/wp-json\/wp\/v2\/posts"}],"about":[{"href":"https:\/\/www.acapulcopress.com\/index.php\/wp-json\/wp\/v2\/types\/post"}],"author":[{"embeddable":true,"href":"https:\/\/www.acapulcopress.com\/index.php\/wp-json\/wp\/v2\/users\/1"}],"replies":[{"embeddable":true,"href":"https:\/\/www.acapulcopress.com\/index.php\/wp-json\/wp\/v2\/comments?post=41449"}],"version-history":[{"count":1,"href":"https:\/\/www.acapulcopress.com\/index.php\/wp-json\/wp\/v2\/posts\/41449\/revisions"}],"predecessor-version":[{"id":41452,"href":"https:\/\/www.acapulcopress.com\/index.php\/wp-json\/wp\/v2\/posts\/41449\/revisions\/41452"}],"wp:featuredmedia":[{"embeddable":true,"href":"https:\/\/www.acapulcopress.com\/index.php\/wp-json\/wp\/v2\/media\/41450"}],"wp:attachment":[{"href":"https:\/\/www.acapulcopress.com\/index.php\/wp-json\/wp\/v2\/media?parent=41449"}],"wp:term":[{"taxonomy":"category","embeddable":true,"href":"https:\/\/www.acapulcopress.com\/index.php\/wp-json\/wp\/v2\/categories?post=41449"},{"taxonomy":"post_tag","embeddable":true,"href":"https:\/\/www.acapulcopress.com\/index.php\/wp-json\/wp\/v2\/tags?post=41449"}],"curies":[{"name":"wp","href":"https:\/\/api.w.org\/{rel}","templated":true}]}}