{"id":41480,"date":"2025-06-17T13:42:07","date_gmt":"2025-06-17T19:42:07","guid":{"rendered":"https:\/\/www.acapulcopress.com\/?p=41480"},"modified":"2025-06-18T13:48:39","modified_gmt":"2025-06-18T19:48:39","slug":"piden-inscribir-con-letras-doradas-en-el-muro-de-honor-del-congreso-el-plan-zapote","status":"publish","type":"post","link":"https:\/\/www.acapulcopress.com\/index.php\/2025\/06\/17\/piden-inscribir-con-letras-doradas-en-el-muro-de-honor-del-congreso-el-plan-zapote\/","title":{"rendered":"Piden inscribir con letras doradas en el Muro de Honor del Congreso el Plan Zapote"},"content":{"rendered":"<p>CHILPANCINGO * 17 de junio 2025<br \/>\n<em>) LXVI legislatura | Guerrero<\/em><br \/>\nLa Junta de Coordinaci\u00f3n Pol\u00edtica analiza una iniciativa de decreto para inscribir en letras doradas el hist\u00f3rico<em> Plan del Zapote<\/em>, en el Muro de Honor del Sal\u00f3n de Sesiones \u00abPrimer Congreso de An\u00e1huac\u00bb del Congreso del Estado, por ser el pronunciamiento pol\u00edtico m\u00e1s importante en contra de la tiran\u00eda y opresi\u00f3n del r\u00e9gimen de Porfirio D\u00edaz, proclamado el 21 de abril de 1901 en Mochitl\u00e1n, Guerrero.<\/p>\n<p>El diputado <strong>Jhobanny Jim\u00e9nez Mendoza<\/strong>, promovente de la iniciativa, a la cual se adhiri\u00f3 la diputada Obdulia Naranjo Cabrera, rese\u00f1\u00f3 que este movimiento, encabezado por Anselmo Bello Caneda, Eusebio Santamar\u00eda Almonte y Rafael del Castillo Calder\u00f3n, denunci\u00f3 la reelecci\u00f3n indefinida, la desigualdad agraria y la represi\u00f3n, anticipando demandas que a\u00f1os m\u00e1s tarde ser\u00edan retomadas por el Plan de San Luis y la Revoluci\u00f3n Mexicana: sufragio efectivo, no reelecci\u00f3n y reparto de tierras.<\/p>\n<p>Agreg\u00f3 que a pesar de haber sido brutalmente reprimido por fuerzas federales al mando de Victoriano Huerta con m\u00e1s de 50 personas fusiladas, incluyendo mujeres y ni\u00f1os, el Plan del Zapote dej\u00f3 una huella imborrable y debe ser recordado como un hecho hist\u00f3rico, pues no solo fue un levantamiento armado, sino tambi\u00e9n un pronunciamiento ideol\u00f3gico que anticip\u00f3 las grandes demandas de la Revoluci\u00f3n Mexicana.<\/p>\n<p>El legislador destac\u00f3 tambi\u00e9n el papel fundamental de las mujeres tixtlecas, como Luciana Jim\u00e9nez, as\u00ed como de otros<\/p>\n<p>luchadores sociales, entre ellos los hermanos Figueroa, Margarita Viguri y Jos\u00e9 Aristeo C\u00f3rdoba, quienes pagaron con su libertad o su vida por dar un paso importante hacia la democracia.<\/p>\n<p>Por ello, el diputado recalc\u00f3 que la iniciativa de inscribir el Plan del Zapote en letras doradas, como s\u00edmbolo de que Guerrero ha sido y seguir\u00e1 siendo cuna de lucha por la justicia y la libertad, es un homenaje que no solo honra el pasado, sino que convoca a las nuevas generaciones a mantener viva la llama de la democracia.<\/p>\n<p><em>) acapulcopress.com<\/em><\/p>\n","protected":false},"excerpt":{"rendered":"<p>CHILPANCINGO * 17 de junio 2025 ) LXVI legislatura | Guerrero La Junta de Coordinaci\u00f3n Pol\u00edtica analiza una iniciativa de decreto para inscribir en letras doradas el hist\u00f3rico Plan del Zapote, en el Muro de Honor del Sal\u00f3n de Sesiones \u00abPrimer Congreso de An\u00e1huac\u00bb del Congreso del Estado, por ser el pronunciamiento pol\u00edtico m\u00e1s importante&#8230;<\/p>\n","protected":false},"author":1,"featured_media":41481,"comment_status":"closed","ping_status":"open","sticky":false,"template":"","format":"standard","meta":{"footnotes":""},"categories":[1],"tags":[10771,18372,18502],"class_list":["post-41480","post","type-post","status-publish","format-standard","has-post-thumbnail","hentry","category-sin-categoria","tag-jhobanny-jimenez-mendoza","tag-lxvi-legislatura-guerrero","tag-plan-del-zapote"],"_links":{"self":[{"href":"https:\/\/www.acapulcopress.com\/index.php\/wp-json\/wp\/v2\/posts\/41480","targetHints":{"allow":["GET"]}}],"collection":[{"href":"https:\/\/www.acapulcopress.com\/index.php\/wp-json\/wp\/v2\/posts"}],"about":[{"href":"https:\/\/www.acapulcopress.com\/index.php\/wp-json\/wp\/v2\/types\/post"}],"author":[{"embeddable":true,"href":"https:\/\/www.acapulcopress.com\/index.php\/wp-json\/wp\/v2\/users\/1"}],"replies":[{"embeddable":true,"href":"https:\/\/www.acapulcopress.com\/index.php\/wp-json\/wp\/v2\/comments?post=41480"}],"version-history":[{"count":2,"href":"https:\/\/www.acapulcopress.com\/index.php\/wp-json\/wp\/v2\/posts\/41480\/revisions"}],"predecessor-version":[{"id":41483,"href":"https:\/\/www.acapulcopress.com\/index.php\/wp-json\/wp\/v2\/posts\/41480\/revisions\/41483"}],"wp:featuredmedia":[{"embeddable":true,"href":"https:\/\/www.acapulcopress.com\/index.php\/wp-json\/wp\/v2\/media\/41481"}],"wp:attachment":[{"href":"https:\/\/www.acapulcopress.com\/index.php\/wp-json\/wp\/v2\/media?parent=41480"}],"wp:term":[{"taxonomy":"category","embeddable":true,"href":"https:\/\/www.acapulcopress.com\/index.php\/wp-json\/wp\/v2\/categories?post=41480"},{"taxonomy":"post_tag","embeddable":true,"href":"https:\/\/www.acapulcopress.com\/index.php\/wp-json\/wp\/v2\/tags?post=41480"}],"curies":[{"name":"wp","href":"https:\/\/api.w.org\/{rel}","templated":true}]}}