{"id":41515,"date":"2025-06-19T18:38:14","date_gmt":"2025-06-20T00:38:14","guid":{"rendered":"https:\/\/www.acapulcopress.com\/?p=41515"},"modified":"2025-06-19T18:46:59","modified_gmt":"2025-06-20T00:46:59","slug":"aeropuerto-de-acapulco-opera-con-normalidad","status":"publish","type":"post","link":"https:\/\/www.acapulcopress.com\/index.php\/2025\/06\/19\/aeropuerto-de-acapulco-opera-con-normalidad\/","title":{"rendered":"Aeropuerto de Acapulco opera con normalidad"},"content":{"rendered":"<p>CHILPANCINGO * 19 de junio 2025<br \/>\n<em>) Gobierno de Guerrero<br \/>\n<\/em>De acuerdo con datos proporcionads por el <em>Aeropuerto Juan N. \u00c1lvarez de #Acapulco<\/em>, el Gobierno de Guerrero informa que todos los vuelos programados para el viernes 20 de Junio contin\u00faan con normalidad. Para informes m\u00e1s detallados sobre cambios o actualizaciones, se recomenda contactar a la aerol\u00ednea correspondiente en el <em>link<\/em> anexo bajo estas l\u00edneas.<\/p>\n<p><a href=\"https:\/\/aeropuertoacapulco.oma.aero\/es\" target=\"_blank\" rel=\"noopener\"><em>https:\/\/aeropuertoacapulco.oma.aero\/es<\/em><\/a><\/p>\n<p>El hurac\u00e1n Erick a\u00fan representa riesgos importantes para la poblaci\u00f3n, ya que se pronostican lluvias muy fuertes a torrenciales en diversas regiones de Guerrero y Oaxaca, as\u00ed como vientos intensos y alto oleaje en las costas, lo que puede ocasionar inundaciones, deslaves y da\u00f1os en caminos o viviendas, especialmente en zonas vulnerables, motivo por el que\u00a0el gobierno de Guerrero permanece atento y en constante coordinaci\u00f3n con autoridades federales y municipales para dar seguimiento a la evoluci\u00f3n de la tormenta y actuar de manera oportuna ante cualquier emergencia.<\/p>\n<p>Se reiter\u00f3 el llamado a la poblaci\u00f3n a mantenerse informada a trav\u00e9s de fuentes oficiales, evitar zonas de riesgo y seguir las indicaciones de Protecci\u00f3n Civil para proteger su integridad y la de sus familias.<\/p>\n<p><em>) acapulcopress.com<\/em><\/p>\n","protected":false},"excerpt":{"rendered":"<p>El Aeropuerto Juan N. \u00c1lvarez de Acapulco informa que todos los vuelos programados para el viernes 20 de Junio contin\u00faan con normalidad. Para informes m\u00e1s detallados se recomenda contactar a la aerol\u00ednea correspondiente<\/p>\n","protected":false},"author":1,"featured_media":41516,"comment_status":"closed","ping_status":"open","sticky":false,"template":"","format":"standard","meta":{"footnotes":""},"categories":[1988,2013],"tags":[18509,9302,18503],"class_list":["post-41515","post","type-post","status-publish","format-standard","has-post-thumbnail","hentry","category-lifestyles","category-travel-guide","tag-aeropuerto-juan-n-alvarez-de-acapulco","tag-gobierno-de-guerrero","tag-huracan-erick"],"_links":{"self":[{"href":"https:\/\/www.acapulcopress.com\/index.php\/wp-json\/wp\/v2\/posts\/41515","targetHints":{"allow":["GET"]}}],"collection":[{"href":"https:\/\/www.acapulcopress.com\/index.php\/wp-json\/wp\/v2\/posts"}],"about":[{"href":"https:\/\/www.acapulcopress.com\/index.php\/wp-json\/wp\/v2\/types\/post"}],"author":[{"embeddable":true,"href":"https:\/\/www.acapulcopress.com\/index.php\/wp-json\/wp\/v2\/users\/1"}],"replies":[{"embeddable":true,"href":"https:\/\/www.acapulcopress.com\/index.php\/wp-json\/wp\/v2\/comments?post=41515"}],"version-history":[{"count":5,"href":"https:\/\/www.acapulcopress.com\/index.php\/wp-json\/wp\/v2\/posts\/41515\/revisions"}],"predecessor-version":[{"id":41521,"href":"https:\/\/www.acapulcopress.com\/index.php\/wp-json\/wp\/v2\/posts\/41515\/revisions\/41521"}],"wp:featuredmedia":[{"embeddable":true,"href":"https:\/\/www.acapulcopress.com\/index.php\/wp-json\/wp\/v2\/media\/41516"}],"wp:attachment":[{"href":"https:\/\/www.acapulcopress.com\/index.php\/wp-json\/wp\/v2\/media?parent=41515"}],"wp:term":[{"taxonomy":"category","embeddable":true,"href":"https:\/\/www.acapulcopress.com\/index.php\/wp-json\/wp\/v2\/categories?post=41515"},{"taxonomy":"post_tag","embeddable":true,"href":"https:\/\/www.acapulcopress.com\/index.php\/wp-json\/wp\/v2\/tags?post=41515"}],"curies":[{"name":"wp","href":"https:\/\/api.w.org\/{rel}","templated":true}]}}