{"id":41522,"date":"2025-06-19T19:05:59","date_gmt":"2025-06-20T01:05:59","guid":{"rendered":"https:\/\/www.acapulcopress.com\/?p=41522"},"modified":"2025-06-19T19:09:14","modified_gmt":"2025-06-20T01:09:14","slug":"se-normaliza-el-transporte-publico-en-acapulco-y-coyuca-de-benitez","status":"publish","type":"post","link":"https:\/\/www.acapulcopress.com\/index.php\/2025\/06\/19\/se-normaliza-el-transporte-publico-en-acapulco-y-coyuca-de-benitez\/","title":{"rendered":"Se normaliza el transporte p\u00fablico en Acapulco y Coyuca de Ben\u00edtez"},"content":{"rendered":"<p>CHILPANCINGO * 19 de junio 2025<br \/>\n) <em>Transporte y Vialidad Guerrero<br \/>\n<\/em><img loading=\"lazy\" decoding=\"async\" class=\"alignleft size-cmsmasters-square-thumb wp-image-41525\" src=\"https:\/\/www.acapulcopress.com\/wp-content\/uploads\/2025\/06\/transporte3-360x360.jpg\" alt=\"\" width=\"360\" height=\"360\" srcset=\"https:\/\/www.acapulcopress.com\/wp-content\/uploads\/2025\/06\/transporte3-360x360.jpg 360w, https:\/\/www.acapulcopress.com\/wp-content\/uploads\/2025\/06\/transporte3-300x300.jpg 300w, https:\/\/www.acapulcopress.com\/wp-content\/uploads\/2025\/06\/transporte3-150x150.jpg 150w, https:\/\/www.acapulcopress.com\/wp-content\/uploads\/2025\/06\/transporte3-70x70.jpg 70w, https:\/\/www.acapulcopress.com\/wp-content\/uploads\/2025\/06\/transporte3.jpg 526w\" sizes=\"auto, (max-width: 360px) 100vw, 360px\" \/>Tras la degradaci\u00f3n del hurac\u00e1n Erick a depresi\u00f3n trocipal, la<em> Comisi\u00f3n T\u00e9cnica del Transporte y Vialidad del Estado de Guerrero<\/em> inform\u00f3 esta tarde que el servicio de transporte p\u00fablico queda normalizado de forma gradual en los municipios de Acapulco y Coyuca de Ben\u00edtez a partir de lo que resta de este jueves, 19 de junio.<\/p>\n<p>No obstante, recoment\u00f3 a transportistas a mantenerse alertas a las indicaciones de las autoridades y a no exponerse a las inclemencias del tiempo, cuidar sus unidades y procurar el bienestar de los usuarios, as\u00ed como extremar precauciones\u00a0y procurar sus vidas, la de los pasajeros y el cuidado de sus unidades.<\/p>\n<p><em>) acapulcopress.com<\/em><\/p>\n","protected":false},"excerpt":{"rendered":"<p>CHILPANCINGO * 19 de junio 2025 ) Transporte y Vialidad Guerrero Tras la degradaci\u00f3n del hurac\u00e1n Erick a depresi\u00f3n trocipal, la Comisi\u00f3n T\u00e9cnica del Transporte y Vialidad del Estado de Guerrero inform\u00f3 esta tarde que el servicio de transporte p\u00fablico queda normalizado de forma gradual en los municipios de Acapulco y Coyuca de Ben\u00edtez a&#8230;<\/p>\n","protected":false},"author":1,"featured_media":41523,"comment_status":"closed","ping_status":"open","sticky":false,"template":"","format":"standard","meta":{"footnotes":""},"categories":[18510,2010],"tags":[18512,18511],"class_list":["post-41522","post","type-post","status-publish","format-standard","has-post-thumbnail","hentry","category-movilidad","category-sociedad","tag-comision-tecnica-del-transporte-y-vialidad-del-estado-de-guerero","tag-huraca-erick"],"_links":{"self":[{"href":"https:\/\/www.acapulcopress.com\/index.php\/wp-json\/wp\/v2\/posts\/41522","targetHints":{"allow":["GET"]}}],"collection":[{"href":"https:\/\/www.acapulcopress.com\/index.php\/wp-json\/wp\/v2\/posts"}],"about":[{"href":"https:\/\/www.acapulcopress.com\/index.php\/wp-json\/wp\/v2\/types\/post"}],"author":[{"embeddable":true,"href":"https:\/\/www.acapulcopress.com\/index.php\/wp-json\/wp\/v2\/users\/1"}],"replies":[{"embeddable":true,"href":"https:\/\/www.acapulcopress.com\/index.php\/wp-json\/wp\/v2\/comments?post=41522"}],"version-history":[{"count":2,"href":"https:\/\/www.acapulcopress.com\/index.php\/wp-json\/wp\/v2\/posts\/41522\/revisions"}],"predecessor-version":[{"id":41527,"href":"https:\/\/www.acapulcopress.com\/index.php\/wp-json\/wp\/v2\/posts\/41522\/revisions\/41527"}],"wp:featuredmedia":[{"embeddable":true,"href":"https:\/\/www.acapulcopress.com\/index.php\/wp-json\/wp\/v2\/media\/41523"}],"wp:attachment":[{"href":"https:\/\/www.acapulcopress.com\/index.php\/wp-json\/wp\/v2\/media?parent=41522"}],"wp:term":[{"taxonomy":"category","embeddable":true,"href":"https:\/\/www.acapulcopress.com\/index.php\/wp-json\/wp\/v2\/categories?post=41522"},{"taxonomy":"post_tag","embeddable":true,"href":"https:\/\/www.acapulcopress.com\/index.php\/wp-json\/wp\/v2\/tags?post=41522"}],"curies":[{"name":"wp","href":"https:\/\/api.w.org\/{rel}","templated":true}]}}