{"id":41528,"date":"2025-06-19T19:27:42","date_gmt":"2025-06-20T01:27:42","guid":{"rendered":"https:\/\/www.acapulcopress.com\/?p=41528"},"modified":"2025-06-19T19:27:42","modified_gmt":"2025-06-20T01:27:42","slug":"valoran-solicitar-declaratoria-de-emergencia-por-danos-en-costa-chica","status":"publish","type":"post","link":"https:\/\/www.acapulcopress.com\/index.php\/2025\/06\/19\/valoran-solicitar-declaratoria-de-emergencia-por-danos-en-costa-chica\/","title":{"rendered":"Valoran solicitar declaratoria de emergencia por da\u00f1os en Costa Chica"},"content":{"rendered":"<p>TLACOACHISTLAHUACA * 19 de junio 2025<br \/>\n<em>) <a href=\"https:\/\/soyanasa.blogspot.com\/2025\/06\/paquete-de-noticias-todos-los.html\" target=\"_blank\" rel=\"noopener\">ANASA<\/a><br \/>\n<\/em> El titular de la Secretar\u00eda de Protecci\u00f3n Civil del estado, <strong>Roberto Arroyo Matus, <\/strong>inform\u00f3 que se est\u00e1 \u201cvalorando\u201d si solicitan declaratoria de emergencia en los municipios afectados por el hurac\u00e1n Erick, que impact\u00f3 entre los l\u00edmites de Oaxaca esta ma\u00f1ana.<\/p>\n<p>El funcionario estatal detall\u00f3 que se registraron cortes parciales en la carretera entre Cuajinicuilapa y Punta Maldonado, derrumbes y \u00e1rboles ca\u00eddos en Tlacoachistlahuaca.<\/p>\n<p>En la comunidad de Potrerillo y San Luis Acatl\u00e1n se reportaron deslaves en caminos, y en Santa Cruz del Rinc\u00f3n se tuvieron afectaciones en caminos rurales.<\/p>\n<p>\u201cSe est\u00e1 valorando si solicitamos la declaratoria a\u00fan se esta realizando reconocimiento de los da\u00f1os causados\u201d por las lluvias intensas generadas por el hurac\u00e1n Erick, mencion\u00f3 Arroyo Matus, quien extern\u00f3 que que se tienen 21 refugios temporales activos con presencia de familias desplazadas, de los cuales 10 de ellos en municipios de la Costa Chica como lo son Marquelia, San Luis Acatl\u00e1n, Ometepec, Las Vigas, Florencio Villarreal, Cuautepec, Copala, San Marcos, Azoy\u00fa y Cuajinicuilapa.<\/p>\n<p>Tambi\u00e9n precis\u00f3 que el mayor n\u00famero de personas refugiadas se encuentra en Punta Maldonado, municipio de San Nicol\u00e1s, donde se reportan al menos 750 personas albergadas.<\/p>\n<p>Finalmente, reiter\u00f3 el llamado a la poblaci\u00f3n a evacuar zonas de riesgo y acudir a los refugios temporales habilitados, los cuales pueden consultar a trav\u00e9s de redes sociales, medios de comunicaci\u00f3n, perifoneo y mediante c\u00f3digo QR.<\/p>\n<p><em>) acapulcopress.com<\/em><\/p>\n","protected":false},"excerpt":{"rendered":"<p>TLACOACHISTLAHUACA * 19 de junio 2025 ) ANASA El titular de la Secretar\u00eda de Protecci\u00f3n Civil del estado, Roberto Arroyo Matus, inform\u00f3 que se est\u00e1 \u201cvalorando\u201d si solicitan declaratoria de emergencia en los municipios afectados por el hurac\u00e1n Erick, que impact\u00f3 entre los l\u00edmites de Oaxaca esta ma\u00f1ana. El funcionario estatal detall\u00f3 que se registraron&#8230;<\/p>\n","protected":false},"author":1,"featured_media":41529,"comment_status":"closed","ping_status":"open","sticky":false,"template":"","format":"standard","meta":{"footnotes":""},"categories":[18469,2080],"tags":[18503,15667,16233],"class_list":["post-41528","post","type-post","status-publish","format-standard","has-post-thumbnail","hentry","category-generales","category-regiones-de-guerrero","tag-huracan-erick","tag-roberto-arroyo-matus","tag-secretaria-de-proteccion-civil-de-guerrero"],"_links":{"self":[{"href":"https:\/\/www.acapulcopress.com\/index.php\/wp-json\/wp\/v2\/posts\/41528","targetHints":{"allow":["GET"]}}],"collection":[{"href":"https:\/\/www.acapulcopress.com\/index.php\/wp-json\/wp\/v2\/posts"}],"about":[{"href":"https:\/\/www.acapulcopress.com\/index.php\/wp-json\/wp\/v2\/types\/post"}],"author":[{"embeddable":true,"href":"https:\/\/www.acapulcopress.com\/index.php\/wp-json\/wp\/v2\/users\/1"}],"replies":[{"embeddable":true,"href":"https:\/\/www.acapulcopress.com\/index.php\/wp-json\/wp\/v2\/comments?post=41528"}],"version-history":[{"count":1,"href":"https:\/\/www.acapulcopress.com\/index.php\/wp-json\/wp\/v2\/posts\/41528\/revisions"}],"predecessor-version":[{"id":41530,"href":"https:\/\/www.acapulcopress.com\/index.php\/wp-json\/wp\/v2\/posts\/41528\/revisions\/41530"}],"wp:featuredmedia":[{"embeddable":true,"href":"https:\/\/www.acapulcopress.com\/index.php\/wp-json\/wp\/v2\/media\/41529"}],"wp:attachment":[{"href":"https:\/\/www.acapulcopress.com\/index.php\/wp-json\/wp\/v2\/media?parent=41528"}],"wp:term":[{"taxonomy":"category","embeddable":true,"href":"https:\/\/www.acapulcopress.com\/index.php\/wp-json\/wp\/v2\/categories?post=41528"},{"taxonomy":"post_tag","embeddable":true,"href":"https:\/\/www.acapulcopress.com\/index.php\/wp-json\/wp\/v2\/tags?post=41528"}],"curies":[{"name":"wp","href":"https:\/\/api.w.org\/{rel}","templated":true}]}}