{"id":41532,"date":"2025-06-19T19:54:24","date_gmt":"2025-06-20T01:54:24","guid":{"rendered":"https:\/\/www.acapulcopress.com\/?p=41532"},"modified":"2025-06-19T19:59:29","modified_gmt":"2025-06-20T01:59:29","slug":"mil-292-personas-utilizaron-refugios-temporales-debido-al-huracan-erick","status":"publish","type":"post","link":"https:\/\/www.acapulcopress.com\/index.php\/2025\/06\/19\/mil-292-personas-utilizaron-refugios-temporales-debido-al-huracan-erick\/","title":{"rendered":"Mil 292 personas utilizaron refugios temporales debido al hurac\u00e1n Erick"},"content":{"rendered":"<p>ACAPULCO * 19 de junio 2025<br \/>\n<em>)<a href=\"https:\/\/soyanasa.blogspot.com\/2025\/06\/paquete-de-noticias-todos-los.html\" target=\"_blank\" rel=\"noopener\"> ANASA<\/a><\/em><br \/>\nUn total de mil 292 personas acudieron a los 21 refugios temporales en la entidad, por el impacto del hurac\u00e1n <em>Erick<\/em> en Oaxaca.<\/p>\n<p><img loading=\"lazy\" decoding=\"async\" class=\"alignleft wp-image-41533 size-cmsmasters-square-thumb\" src=\"https:\/\/www.acapulcopress.com\/wp-content\/uploads\/2025\/06\/erick-costa-chica-360x360.jpg\" alt=\"\" width=\"360\" height=\"360\" srcset=\"https:\/\/www.acapulcopress.com\/wp-content\/uploads\/2025\/06\/erick-costa-chica-360x360.jpg 360w, https:\/\/www.acapulcopress.com\/wp-content\/uploads\/2025\/06\/erick-costa-chica-150x150.jpg 150w, https:\/\/www.acapulcopress.com\/wp-content\/uploads\/2025\/06\/erick-costa-chica-70x70.jpg 70w\" sizes=\"auto, (max-width: 360px) 100vw, 360px\" \/>En la conferencia de prensa matutina de la presidenta<strong> Claudia Sheinbaum Pardo<\/strong>, la gobernadora <strong>Evelyn Salgado Pineda<\/strong> inform\u00f3 que el municipio a donde se report\u00f3 el mayor n\u00famero de refugiados fue en Punta Maldonado, municipio de San Nicol\u00e1s, con 757 personas.<\/p>\n<p>Le siguen los municipios de Coyuca de Ben\u00edtez con 253 que ocuparon cuatro refugios y Acapulco con 112 que se instalaron en seis refugios temporales.<\/p>\n<p>En Las Vigas son 39 personas en dos refugios, en Florencio Villarreal son 30, en Cuautepec hay 20, en Copala 21, Marquelia con dos refugios alojan a 45 personas.<\/p>\n<p>Asimismo, en San Luis Acatl\u00e1n son tres personas albergadas y Tecpan son 12 personas.<\/p>\n<p>Por su parte, la coordinadora<em> Nacional de Protecci\u00f3n Civil,<\/em> <strong>Laura Vel\u00e1zquez Alz\u00faa<\/strong>, inform\u00f3 que no se reportan v\u00edctimas mortales.<\/p>\n<p>Sobre Oaxaca report\u00f3 14 municipios afectados, con ingreso de agua al hospital del IMSS en Huatulco, crecida del r\u00edo en Ciudad Ixtepec, nueve derrumbes carreteros, ca\u00edda de \u00e1rboles y postes, as\u00ed como cortes el\u00e9ctricos.<\/p>\n<p><img loading=\"lazy\" decoding=\"async\" class=\"alignleft size-cmsmasters-square-thumb wp-image-41536\" src=\"https:\/\/www.acapulcopress.com\/wp-content\/uploads\/2025\/06\/gobernadora-conferencia-360x360.png\" alt=\"\" width=\"360\" height=\"360\" srcset=\"https:\/\/www.acapulcopress.com\/wp-content\/uploads\/2025\/06\/gobernadora-conferencia-360x360.png 360w, https:\/\/www.acapulcopress.com\/wp-content\/uploads\/2025\/06\/gobernadora-conferencia-150x150.png 150w, https:\/\/www.acapulcopress.com\/wp-content\/uploads\/2025\/06\/gobernadora-conferencia-70x70.png 70w\" sizes=\"auto, (max-width: 360px) 100vw, 360px\" \/>Inform\u00f3 tambi\u00e9n que se desplegaron m\u00e1s de 30 mil integrantes de las Fuerzas Armadas y dependencias federales en Oaxaca y Guerrero ante el impacto del hurac\u00e1n <em>Erick,<\/em> y que la <em>Secretar\u00eda de la Defensa Nacional (Sedena) <\/em>moviliz\u00f3 a 21 mil 508 efectivos, de los cuales nueve mil 632 fueron comisionados a Oaxaca y 11 mil 876 a Guerrero, mientras que la Secretar\u00eda de Marina participa con nueve mil 71.<\/p>\n<p>Adem\u00e1s, personal operativo de la <em>Comisi\u00f3n Federal de Electricidad (CFE), Comisi\u00f3n Nacional del Agua (Conagua<\/em>) y la <em>Secretar\u00eda de Comunicaciones y Transportes<\/em>, contin\u00faan con labores preventivas y de auxilio en ambas entidades.<\/p>\n<p>En suma, son al menos 10 municipios con da\u00f1os, tras el impacto del hurac\u00e1n Erick que toc\u00f3 tierra en la comunidad Corralero, Pinotepa Nacional, Oaxaca.<\/p>\n<p><img loading=\"lazy\" decoding=\"async\" class=\"alignnone size-post-thumbnail wp-image-41534\" src=\"https:\/\/www.acapulcopress.com\/wp-content\/uploads\/2025\/06\/erick-costa-chica2-860x576.jpg\" alt=\"\" width=\"860\" height=\"576\" \/><\/p>\n<p><em>) acapulcopress.com<\/em><\/p>\n","protected":false},"excerpt":{"rendered":"<p>ACAPULCO * 19 de junio 2025 ) ANASA Un total de mil 292 personas acudieron a los 21 refugios temporales en la entidad, por el impacto del hurac\u00e1n Erick en Oaxaca. En la conferencia de prensa matutina de la presidenta Claudia Sheinbaum Pardo, la gobernadora Evelyn Salgado Pineda inform\u00f3 que el municipio a donde se&#8230;<\/p>\n","protected":false},"author":1,"featured_media":41535,"comment_status":"closed","ping_status":"open","sticky":false,"template":"","format":"standard","meta":{"footnotes":""},"categories":[1997],"tags":[5853,8251,18503,11711,16140],"class_list":["post-41532","post","type-post","status-publish","format-standard","has-post-thumbnail","hentry","category-noticias-destacadas","tag-claudia-sheinbaum-pardo","tag-evelyn-salgado-pineda","tag-huracan-erick","tag-laura-velazquez-alzua","tag-secretaria-de-comunicaciones-y-transportes"],"_links":{"self":[{"href":"https:\/\/www.acapulcopress.com\/index.php\/wp-json\/wp\/v2\/posts\/41532","targetHints":{"allow":["GET"]}}],"collection":[{"href":"https:\/\/www.acapulcopress.com\/index.php\/wp-json\/wp\/v2\/posts"}],"about":[{"href":"https:\/\/www.acapulcopress.com\/index.php\/wp-json\/wp\/v2\/types\/post"}],"author":[{"embeddable":true,"href":"https:\/\/www.acapulcopress.com\/index.php\/wp-json\/wp\/v2\/users\/1"}],"replies":[{"embeddable":true,"href":"https:\/\/www.acapulcopress.com\/index.php\/wp-json\/wp\/v2\/comments?post=41532"}],"version-history":[{"count":3,"href":"https:\/\/www.acapulcopress.com\/index.php\/wp-json\/wp\/v2\/posts\/41532\/revisions"}],"predecessor-version":[{"id":41539,"href":"https:\/\/www.acapulcopress.com\/index.php\/wp-json\/wp\/v2\/posts\/41532\/revisions\/41539"}],"wp:featuredmedia":[{"embeddable":true,"href":"https:\/\/www.acapulcopress.com\/index.php\/wp-json\/wp\/v2\/media\/41535"}],"wp:attachment":[{"href":"https:\/\/www.acapulcopress.com\/index.php\/wp-json\/wp\/v2\/media?parent=41532"}],"wp:term":[{"taxonomy":"category","embeddable":true,"href":"https:\/\/www.acapulcopress.com\/index.php\/wp-json\/wp\/v2\/categories?post=41532"},{"taxonomy":"post_tag","embeddable":true,"href":"https:\/\/www.acapulcopress.com\/index.php\/wp-json\/wp\/v2\/tags?post=41532"}],"curies":[{"name":"wp","href":"https:\/\/api.w.org\/{rel}","templated":true}]}}