{"id":41540,"date":"2025-06-19T20:33:47","date_gmt":"2025-06-20T02:33:47","guid":{"rendered":"https:\/\/www.acapulcopress.com\/?p=41540"},"modified":"2025-06-19T20:33:47","modified_gmt":"2025-06-20T02:33:47","slug":"erick-baja-a-depresion-tropical-pero-sigue-siendo-un-peligro","status":"publish","type":"post","link":"https:\/\/www.acapulcopress.com\/index.php\/2025\/06\/19\/erick-baja-a-depresion-tropical-pero-sigue-siendo-un-peligro\/","title":{"rendered":"Erick baja a depresi\u00f3n tropical pero sigue siendo un peligro"},"content":{"rendered":"<p>CIUDAD DE M\u00c9XICO * 19 de junio 2025<br \/>\n<em>) Servicio Metereol\u00f3gico Nacional<br \/>\n<\/em>\u00abErick\u00bb se debilit\u00f3 a depresi\u00f3n tropical, pero a\u00fan se ubica en tierra, sobre el estado de Guerrero y mantendr\u00e1 lluvias torrenciales y oleaje <img loading=\"lazy\" decoding=\"async\" class=\"alignleft size-cmsmasters-square-thumb wp-image-41542\" src=\"https:\/\/www.acapulcopress.com\/wp-content\/uploads\/2025\/06\/erick-depreseion-360x360.jpg\" alt=\"\" width=\"360\" height=\"360\" srcset=\"https:\/\/www.acapulcopress.com\/wp-content\/uploads\/2025\/06\/erick-depreseion-360x360.jpg 360w, https:\/\/www.acapulcopress.com\/wp-content\/uploads\/2025\/06\/erick-depreseion-150x150.jpg 150w, https:\/\/www.acapulcopress.com\/wp-content\/uploads\/2025\/06\/erick-depreseion-70x70.jpg 70w\" sizes=\"auto, (max-width: 360px) 100vw, 360px\" \/>elevado en costas de Guerrero y Oaxaca.<\/p>\n<p>En la actualizaci\u00f3n de las 18:00 horas, tiempo del centro de M\u00e9xico, el Servicio Metereol\u00f3gico Nacional inform\u00f3 que <em>Erick<\/em> a\u00fan se ubica en tierra, sobre Guerrero, pero ahora como depresi\u00f3n tropical.<\/p>\n<p>Sin embargo, debido a sus desprendimientos nubosos, Erick continuar\u00e1 con \u00ablluvias torrenciales\u00bb en Guerrero y Oaxaca, con\u00a0 rachas de viento de 60 a 80 kil\u00f3metros por hora y oleaje de 1.5 a 2.5 metros de altura en el oriente y sur de dichas entidades, as\u00ed como \u00ablluvias intensas\u00bb\u00a0 en Chiapas y el sur de Veracruz y de Puebla.<\/p>\n<p>A las 18:00 horas, su centro se localiz\u00f3 a 75 kil\u00f3metros al oeste de Chilpancingo de los Bravo y a 95 km al nor-noroeste de Acapulco, Guerrero, con vientos m\u00e1ximos sostenidos de 55 kil\u00f3metros por hora, rachas de 75 kil\u00f3metros por hora y desplazamiento hacia el noroeste a 19 kil\u00f3metros por hora.<\/p>\n<p>Las precipitaciones podr\u00edan seguir generaando deslaves, incremento en niveles de r\u00edos y arroyos, as\u00ed como desbordamientos e inundaciones en zonas bajas de los estados mencionados, por lo que se exhorta a la poblaci\u00f3n a atender los avisos del <a href=\"https:\/\/smn.conagua.gob.mx\/es\/\" target=\"_blank\" rel=\"noopener\"><em>Servicio Meteorol\u00f3gico Nacional<\/em><\/a>\u00a0y las recomendaciones de <em>Protecci\u00f3n Civil<\/em>.<\/p>\n<p>) acapulcopress.com<\/p>\n","protected":false},"excerpt":{"rendered":"<p>\u00abErick\u00bb se debilit\u00f3 a depresi\u00f3n tropical, pero  mantendr\u00e1 lluvias torrenciales y oleaje elevado en costas de Guerrero y Oaxaca.<\/p>\n","protected":false},"author":1,"featured_media":41541,"comment_status":"closed","ping_status":"open","sticky":false,"template":"","format":"standard","meta":{"footnotes":""},"categories":[2036,1969],"tags":[],"class_list":["post-41540","post","type-post","status-publish","format-standard","has-post-thumbnail","hentry","category-el-clima","category-trending"],"_links":{"self":[{"href":"https:\/\/www.acapulcopress.com\/index.php\/wp-json\/wp\/v2\/posts\/41540","targetHints":{"allow":["GET"]}}],"collection":[{"href":"https:\/\/www.acapulcopress.com\/index.php\/wp-json\/wp\/v2\/posts"}],"about":[{"href":"https:\/\/www.acapulcopress.com\/index.php\/wp-json\/wp\/v2\/types\/post"}],"author":[{"embeddable":true,"href":"https:\/\/www.acapulcopress.com\/index.php\/wp-json\/wp\/v2\/users\/1"}],"replies":[{"embeddable":true,"href":"https:\/\/www.acapulcopress.com\/index.php\/wp-json\/wp\/v2\/comments?post=41540"}],"version-history":[{"count":1,"href":"https:\/\/www.acapulcopress.com\/index.php\/wp-json\/wp\/v2\/posts\/41540\/revisions"}],"predecessor-version":[{"id":41543,"href":"https:\/\/www.acapulcopress.com\/index.php\/wp-json\/wp\/v2\/posts\/41540\/revisions\/41543"}],"wp:featuredmedia":[{"embeddable":true,"href":"https:\/\/www.acapulcopress.com\/index.php\/wp-json\/wp\/v2\/media\/41541"}],"wp:attachment":[{"href":"https:\/\/www.acapulcopress.com\/index.php\/wp-json\/wp\/v2\/media?parent=41540"}],"wp:term":[{"taxonomy":"category","embeddable":true,"href":"https:\/\/www.acapulcopress.com\/index.php\/wp-json\/wp\/v2\/categories?post=41540"},{"taxonomy":"post_tag","embeddable":true,"href":"https:\/\/www.acapulcopress.com\/index.php\/wp-json\/wp\/v2\/tags?post=41540"}],"curies":[{"name":"wp","href":"https:\/\/api.w.org\/{rel}","templated":true}]}}