{"id":41558,"date":"2025-06-23T19:30:56","date_gmt":"2025-06-24T01:30:56","guid":{"rendered":"https:\/\/www.acapulcopress.com\/?p=41558"},"modified":"2025-06-23T19:33:05","modified_gmt":"2025-06-24T01:33:05","slug":"gobernadora-prioriza-atencion-a-damnificados-de-erick","status":"publish","type":"post","link":"https:\/\/www.acapulcopress.com\/index.php\/2025\/06\/23\/gobernadora-prioriza-atencion-a-damnificados-de-erick\/","title":{"rendered":"Gobernadora prioriza atenci\u00f3n a damnificados de Erick"},"content":{"rendered":"<p>CHILPANCINGO * 23 de junio 2025<br \/>\n<em>) Seguridad P\u00fablica Guerrero<\/em><br \/>\nLa gobernadora <strong>Evelyn Salgado Pineda<\/strong> encabez\u00f3 una sesi\u00f3n de trabajo con su gabinete, para delinear las acciones tras el paso del hurac\u00e1n <em>Erick<\/em> y fortalecer el trabajo coordinado en territorio, coordinado para la atenci\u00f3n y recuperaci\u00f3n en los municipios m\u00e1s afectados de la regi\u00f3n Costa Chica.<\/p>\n<p>Durante la reuni\u00f3n, se revisaron los avances por municipio y se delinearon nuevas estrategias para acelerar la respuesta institucional, reforzando la coordinaci\u00f3n entre dependencias estatales con un enfoque humano y solidario.<\/p>\n<p>\u201cSeguimos de pie, con paso firme y el coraz\u00f3n en cada acci\u00f3n\u201d, expres\u00f3 la gobernadora, reafirmando que el gobierno de Guerrero seguir\u00e1 en territorio apoyando a todas las familias afectadas.<\/p>\n<p>En la Sala de la Rep\u00fablica estuvieron presentes las y los titulares de la Secretar\u00eda General de Gobierno, Fomento y Desarrollo Econ\u00f3mico; Desarrollo Pol\u00edtico; Contralor\u00eda; Planeaci\u00f3n y Desarrollo Regional, Protecci\u00f3n Civil, Asuntos Ind\u00edgenas y Afromexicanos; Salud y educaci\u00f3n, as\u00ed como del Trabajo; Desarrollo Urbano y Obras P\u00fablicas, el Oficial Mayor; de la Secretar\u00eda de Finanzas y Administraci\u00f3n, CAPASEG, IGIFE, entre otros.<\/p>\n<p><em>) acapulcopress.com<\/em><\/p>\n","protected":false},"excerpt":{"rendered":"<p>Evelyn Salgado Pineda encabez\u00f3 una sesi\u00f3n de trabajo con su gabinete, para delinear las acciones tras el paso del hurac\u00e1n Erick<\/p>\n","protected":false},"author":1,"featured_media":41559,"comment_status":"closed","ping_status":"open","sticky":false,"template":"","format":"standard","meta":{"footnotes":""},"categories":[2038,1969],"tags":[8251,18503],"class_list":["post-41558","post","type-post","status-publish","format-standard","has-post-thumbnail","hentry","category-contingencias","category-trending","tag-evelyn-salgado-pineda","tag-huracan-erick"],"_links":{"self":[{"href":"https:\/\/www.acapulcopress.com\/index.php\/wp-json\/wp\/v2\/posts\/41558","targetHints":{"allow":["GET"]}}],"collection":[{"href":"https:\/\/www.acapulcopress.com\/index.php\/wp-json\/wp\/v2\/posts"}],"about":[{"href":"https:\/\/www.acapulcopress.com\/index.php\/wp-json\/wp\/v2\/types\/post"}],"author":[{"embeddable":true,"href":"https:\/\/www.acapulcopress.com\/index.php\/wp-json\/wp\/v2\/users\/1"}],"replies":[{"embeddable":true,"href":"https:\/\/www.acapulcopress.com\/index.php\/wp-json\/wp\/v2\/comments?post=41558"}],"version-history":[{"count":2,"href":"https:\/\/www.acapulcopress.com\/index.php\/wp-json\/wp\/v2\/posts\/41558\/revisions"}],"predecessor-version":[{"id":41561,"href":"https:\/\/www.acapulcopress.com\/index.php\/wp-json\/wp\/v2\/posts\/41558\/revisions\/41561"}],"wp:featuredmedia":[{"embeddable":true,"href":"https:\/\/www.acapulcopress.com\/index.php\/wp-json\/wp\/v2\/media\/41559"}],"wp:attachment":[{"href":"https:\/\/www.acapulcopress.com\/index.php\/wp-json\/wp\/v2\/media?parent=41558"}],"wp:term":[{"taxonomy":"category","embeddable":true,"href":"https:\/\/www.acapulcopress.com\/index.php\/wp-json\/wp\/v2\/categories?post=41558"},{"taxonomy":"post_tag","embeddable":true,"href":"https:\/\/www.acapulcopress.com\/index.php\/wp-json\/wp\/v2\/tags?post=41558"}],"curies":[{"name":"wp","href":"https:\/\/api.w.org\/{rel}","templated":true}]}}