{"id":41596,"date":"2025-06-24T19:29:28","date_gmt":"2025-06-25T01:29:28","guid":{"rendered":"https:\/\/www.acapulcopress.com\/?p=41596"},"modified":"2025-06-24T19:33:49","modified_gmt":"2025-06-25T01:33:49","slug":"detienen-a-alcaldesa-morenista-de-capulhuac-por-golear-a-trabajadora-del-dif","status":"publish","type":"post","link":"https:\/\/www.acapulcopress.com\/index.php\/2025\/06\/24\/detienen-a-alcaldesa-morenista-de-capulhuac-por-golear-a-trabajadora-del-dif\/","title":{"rendered":"Detienen a alcaldesa de Morena por golear a empleada del DIF"},"content":{"rendered":"<p>CUPULHUAC, Edomex * 24 de junio 2025<br \/>\n<em>) <a href=\"https:\/\/latinus.us\/mexico\/2025\/6\/24\/detienen-alcaldesa-morenista-de-capulhuac-edomex-la-acusan-por-delito-en-flagrancia-posible-agresion-145235.html\" target=\"_blank\" rel=\"noopener\">LatinUs<\/a><\/em><br \/>\nSelenne Hern\u00e1ndez Herrera, presidenta municipal de Morena en Capulhuac, Estado de M\u00e9xico, fue detenida este martes, confirm\u00f3 la Fiscal\u00eda General de Justicia del Estado de M\u00e9xico (FGJEM).<\/p>\n<p>De acuerdo con las autoridades, la edil fue aprendida por un presunto delito que cometi\u00f3 en flagrancia, asimismo tambi\u00e9n se le puede cumplimentar una orden de aprehensi\u00f3n por una acusaci\u00f3n de agresi\u00f3n.<\/p>\n<p>En mayo, la ahora detenida fue acusada por presuntamente agredir f\u00edsicamente a una trabajadora Sistema para el Desarrollo Integral de la Familia (DIF) del municipio, de nombre M\u00edriam.<\/p>\n<div style=\"width: 480px;\" class=\"wp-video\"><video class=\"wp-video-shortcode\" id=\"video-41596-1\" width=\"480\" height=\"848\" preload=\"metadata\" controls=\"controls\"><source type=\"video\/mp4\" src=\"https:\/\/www.acapulcopress.com\/wp-content\/uploads\/2025\/06\/MIRIAM-PSICOLOGA-DIF-CAPULHUAC.mp4?_=1\" \/><a href=\"https:\/\/www.acapulcopress.com\/wp-content\/uploads\/2025\/06\/MIRIAM-PSICOLOGA-DIF-CAPULHUAC.mp4\">https:\/\/www.acapulcopress.com\/wp-content\/uploads\/2025\/06\/MIRIAM-PSICOLOGA-DIF-CAPULHUAC.mp4<\/a><\/video><\/div>\n<p>&nbsp;<\/p>\n<p>) acapulcopress.com<\/p>\n","protected":false},"excerpt":{"rendered":"<p>CUPULHUAC, Edomex * 24 de junio 2025 ) LatinUs Selenne Hern\u00e1ndez Herrera, presidenta municipal de Morena en Capulhuac, Estado de M\u00e9xico, fue detenida este martes, confirm\u00f3 la Fiscal\u00eda General de Justicia del Estado de M\u00e9xico (FGJEM). De acuerdo con las autoridades, la edil fue aprendida por un presunto delito que cometi\u00f3 en flagrancia, asimismo tambi\u00e9n&#8230;<\/p>\n","protected":false},"author":1,"featured_media":41598,"comment_status":"closed","ping_status":"open","sticky":false,"template":"","format":"standard","meta":{"footnotes":""},"categories":[18467,2080],"tags":[],"class_list":["post-41596","post","type-post","status-publish","format-standard","has-post-thumbnail","hentry","category-justicia","category-regiones-de-guerrero"],"_links":{"self":[{"href":"https:\/\/www.acapulcopress.com\/index.php\/wp-json\/wp\/v2\/posts\/41596","targetHints":{"allow":["GET"]}}],"collection":[{"href":"https:\/\/www.acapulcopress.com\/index.php\/wp-json\/wp\/v2\/posts"}],"about":[{"href":"https:\/\/www.acapulcopress.com\/index.php\/wp-json\/wp\/v2\/types\/post"}],"author":[{"embeddable":true,"href":"https:\/\/www.acapulcopress.com\/index.php\/wp-json\/wp\/v2\/users\/1"}],"replies":[{"embeddable":true,"href":"https:\/\/www.acapulcopress.com\/index.php\/wp-json\/wp\/v2\/comments?post=41596"}],"version-history":[{"count":5,"href":"https:\/\/www.acapulcopress.com\/index.php\/wp-json\/wp\/v2\/posts\/41596\/revisions"}],"predecessor-version":[{"id":41603,"href":"https:\/\/www.acapulcopress.com\/index.php\/wp-json\/wp\/v2\/posts\/41596\/revisions\/41603"}],"wp:featuredmedia":[{"embeddable":true,"href":"https:\/\/www.acapulcopress.com\/index.php\/wp-json\/wp\/v2\/media\/41598"}],"wp:attachment":[{"href":"https:\/\/www.acapulcopress.com\/index.php\/wp-json\/wp\/v2\/media?parent=41596"}],"wp:term":[{"taxonomy":"category","embeddable":true,"href":"https:\/\/www.acapulcopress.com\/index.php\/wp-json\/wp\/v2\/categories?post=41596"},{"taxonomy":"post_tag","embeddable":true,"href":"https:\/\/www.acapulcopress.com\/index.php\/wp-json\/wp\/v2\/tags?post=41596"}],"curies":[{"name":"wp","href":"https:\/\/api.w.org\/{rel}","templated":true}]}}