{"id":41604,"date":"2025-06-24T20:30:40","date_gmt":"2025-06-25T02:30:40","guid":{"rendered":"https:\/\/www.acapulcopress.com\/?p=41604"},"modified":"2025-06-24T20:33:31","modified_gmt":"2025-06-25T02:33:31","slug":"gobernadora-pide-declaratoria-de-desastre-para-ocho-municipios-de-costa-chica","status":"publish","type":"post","link":"https:\/\/www.acapulcopress.com\/index.php\/2025\/06\/24\/gobernadora-pide-declaratoria-de-desastre-para-ocho-municipios-de-costa-chica\/","title":{"rendered":"#Evelyn Salgado pide declaratoria de desastre para ocho municipios"},"content":{"rendered":"<p>CHILPANCINGO * 24 de junio 2025<br \/>\n<em>) Gobierno de Guerrero<\/em><br \/>\nLa gobernadora <strong>Evelyn Salgado Pineda<\/strong> dio a conocer que firm\u00f3 y envi\u00f3 la solicitud de declaratoria de desastre para ocho municipios de la <img loading=\"lazy\" decoding=\"async\" class=\"alignleft wp-image-41608 size-cmsmasters-square-thumb\" src=\"https:\/\/www.acapulcopress.com\/wp-content\/uploads\/2025\/06\/declaratoria-gro4-360x360.jpg\" alt=\"\" width=\"360\" height=\"360\" srcset=\"https:\/\/www.acapulcopress.com\/wp-content\/uploads\/2025\/06\/declaratoria-gro4-360x360.jpg 360w, https:\/\/www.acapulcopress.com\/wp-content\/uploads\/2025\/06\/declaratoria-gro4-150x150.jpg 150w, https:\/\/www.acapulcopress.com\/wp-content\/uploads\/2025\/06\/declaratoria-gro4-70x70.jpg 70w\" sizes=\"auto, (max-width: 360px) 100vw, 360px\" \/>regi\u00f3n Costa Chica con mayor afectaci\u00f3n por el hurac\u00e1n <em>Erick<\/em>, a saber,\u00a0Cuajinicuilapa, Ometepec, San Nicol\u00e1s, Igualapa, Azoy\u00fa, Ayutla, Juchitl\u00e1n y San Luis Acatl\u00e1n, adem\u00e1s de destacar que la <em>Comisi\u00f3n Federal de Electricidad (CFE)<\/em> ya restableci\u00f3 al 100 % el servicio el\u00e9ctrico en toda la regi\u00f3n afectada.<\/p>\n<p>\u201cHoy Guerrero cuenta con una nueva cultura de protecci\u00f3n civil que nos ha permitido reducir al m\u00e1ximo las afectaciones humanas. Lo m\u00e1s importante es salvaguardar la vida y la integridad de las personas\u201d, expres\u00f3 Salgado Pineda durante una sesi\u00f3n informativa de gabinete.<\/p>\n<p>Acompa\u00f1ada por el secretario de<em> Gesti\u00f3n Integral de Riesgos y Protecci\u00f3n Civil<\/em>, <strong>Roberto Arroyo Matus<\/strong>, la mandataria reiter\u00f3 que la atenci\u00f3n a la poblaci\u00f3n comenz\u00f3 desde el primer momento y continuar\u00e1 extendi\u00e9ndose a los 33 municipios con alg\u00fan tipo de afectaci\u00f3n, priorizando a los m\u00e1s impactados en la Costa Chica.<\/p>\n<p>Salgado Pineda subray\u00f3 que establecer\u00e1 un decreto para la implementaci\u00f3n de medidas preventivas y la activaci\u00f3n oportuna de protocolos ante alg\u00fan cicl\u00f3n o tormenta tropical, sentando las bases de un modelo de gesti\u00f3n de riesgos que se pretende dejar como legado en Guerrero.<\/p>\n<p>\u00abVamos a posicionar a Guerrero a la vanguardia nacional en todo lo relacionado con protecci\u00f3n civil: Atenci\u00f3n, prevenci\u00f3n, y protocolos <img loading=\"lazy\" decoding=\"async\" class=\"alignleft wp-image-41607 size-cmsmasters-square-thumb\" src=\"https:\/\/www.acapulcopress.com\/wp-content\/uploads\/2025\/06\/declaratoria-gro3-360x360.jpg\" alt=\"\" width=\"360\" height=\"360\" srcset=\"https:\/\/www.acapulcopress.com\/wp-content\/uploads\/2025\/06\/declaratoria-gro3-360x360.jpg 360w, https:\/\/www.acapulcopress.com\/wp-content\/uploads\/2025\/06\/declaratoria-gro3-150x150.jpg 150w, https:\/\/www.acapulcopress.com\/wp-content\/uploads\/2025\/06\/declaratoria-gro3-70x70.jpg 70w\" sizes=\"auto, (max-width: 360px) 100vw, 360px\" \/>antes, durante y despu\u00e9s de los fen\u00f3menos meteorol\u00f3gicos\u00bb, afirm\u00f3.<\/p>\n<p>Mientras se concluye el proceso legal para la declaratoria de desastre, la gobernadora indic\u00f3 que los apoyos humanitarios fluyen en los ocho municipios al tiempo que tambi\u00e9n se brinda atenci\u00f3n estatal y federal en otros diez municipios no incluidos en la solicitud.<\/p>\n<p>En su intervenci\u00f3n, Arroyo Matus report\u00f3 que durante la emergencia se activaron 27 refugios temporales en Costa Chica y Acapulco, que resguardaron a m\u00e1s de 1,500 personas. Actualmente, permanecen activos cuatro refugios con 171 personas albergadas.<\/p>\n<p>Detall\u00f3 que la solicitud de declaratoria de desastre busca acceder a recursos para atender la recuperaci\u00f3n en zonas que presentaron da\u00f1os, entre estos: 4,700 \u00e1rboles colapsados, 1,428 viviendas con da\u00f1os en techumbre, 107 derrumbes en caminos y carreteras, 3 puentes colapsados y 15 planteles educativos con afectaciones.<\/p>\n<p>Adem\u00e1s, la CFE restableci\u00f3 cinco l\u00edneas principales, 35 circuitos de media tensi\u00f3n, y reconect\u00f3 el servicio a 176 mil usuarios en la Costa Chica.<\/p>\n<p>Por su parte, el meteor\u00f3logo Capit\u00e1n<strong> Ferm\u00edn Dami\u00e1n Adame<\/strong>, advirti\u00f3 que una zona de baja presi\u00f3n con 70 % de probabilidad de desarrollo cicl\u00f3nico podr\u00eda generar lluvias moderadas a fuertes durante el pr\u00f3ximo fin de semana, por lo que se mantiene vigilancia permanente.<\/p>\n<p><img loading=\"lazy\" decoding=\"async\" class=\"alignnone wp-image-41610 size-post-thumbnail\" src=\"https:\/\/www.acapulcopress.com\/wp-content\/uploads\/2025\/06\/declaratoria-gro6-860x655.jpg\" alt=\"\" width=\"860\" height=\"655\" \/><\/p>\n<p><em>) acapulcopress.com<\/em><\/p>\n","protected":false},"excerpt":{"rendered":"<p>CHILPANCINGO * 24 de junio 2025 ) Gobierno de Guerrero La gobernadora Evelyn Salgado Pineda dio a conocer que firm\u00f3 y envi\u00f3 la solicitud de declaratoria de desastre para ocho municipios de la regi\u00f3n Costa Chica con mayor afectaci\u00f3n por el hurac\u00e1n Erick, a saber,\u00a0Cuajinicuilapa, Ometepec, San Nicol\u00e1s, Igualapa, Azoy\u00fa, Ayutla, Juchitl\u00e1n y San Luis&#8230;<\/p>\n","protected":false},"author":1,"featured_media":41605,"comment_status":"closed","ping_status":"open","sticky":false,"template":"","format":"standard","meta":{"footnotes":""},"categories":[1997],"tags":[6151,8251,18536,18503,15667],"class_list":["post-41604","post","type-post","status-publish","format-standard","has-post-thumbnail","hentry","category-noticias-destacadas","tag-comision-federal-de-electricidad-cfe","tag-evelyn-salgado-pineda","tag-fermin-damian-adame","tag-huracan-erick","tag-roberto-arroyo-matus"],"_links":{"self":[{"href":"https:\/\/www.acapulcopress.com\/index.php\/wp-json\/wp\/v2\/posts\/41604","targetHints":{"allow":["GET"]}}],"collection":[{"href":"https:\/\/www.acapulcopress.com\/index.php\/wp-json\/wp\/v2\/posts"}],"about":[{"href":"https:\/\/www.acapulcopress.com\/index.php\/wp-json\/wp\/v2\/types\/post"}],"author":[{"embeddable":true,"href":"https:\/\/www.acapulcopress.com\/index.php\/wp-json\/wp\/v2\/users\/1"}],"replies":[{"embeddable":true,"href":"https:\/\/www.acapulcopress.com\/index.php\/wp-json\/wp\/v2\/comments?post=41604"}],"version-history":[{"count":3,"href":"https:\/\/www.acapulcopress.com\/index.php\/wp-json\/wp\/v2\/posts\/41604\/revisions"}],"predecessor-version":[{"id":41613,"href":"https:\/\/www.acapulcopress.com\/index.php\/wp-json\/wp\/v2\/posts\/41604\/revisions\/41613"}],"wp:featuredmedia":[{"embeddable":true,"href":"https:\/\/www.acapulcopress.com\/index.php\/wp-json\/wp\/v2\/media\/41605"}],"wp:attachment":[{"href":"https:\/\/www.acapulcopress.com\/index.php\/wp-json\/wp\/v2\/media?parent=41604"}],"wp:term":[{"taxonomy":"category","embeddable":true,"href":"https:\/\/www.acapulcopress.com\/index.php\/wp-json\/wp\/v2\/categories?post=41604"},{"taxonomy":"post_tag","embeddable":true,"href":"https:\/\/www.acapulcopress.com\/index.php\/wp-json\/wp\/v2\/tags?post=41604"}],"curies":[{"name":"wp","href":"https:\/\/api.w.org\/{rel}","templated":true}]}}