{"id":41625,"date":"2025-06-24T22:43:27","date_gmt":"2025-06-25T04:43:27","guid":{"rendered":"https:\/\/www.acapulcopress.com\/?p=41625"},"modified":"2025-06-28T10:35:01","modified_gmt":"2025-06-28T16:35:01","slug":"ordenan-a-elektra-pagar-adeudo-fiscal-de-2-mil-millones-de-pesos","status":"publish","type":"post","link":"https:\/\/www.acapulcopress.com\/index.php\/2025\/06\/24\/ordenan-a-elektra-pagar-adeudo-fiscal-de-2-mil-millones-de-pesos\/","title":{"rendered":"Ordenan a Elektra pagar adeudo de 2 mil millones"},"content":{"rendered":"<p>CIUDAD DE M\u00c9XICO * 24 de junio 2025<br \/>\n<em>)<a href=\"https:\/\/www.proceso.com.mx\/economia\/2025\/6\/24\/tribunal-resuelve-que-grupo-elektra-debe-pagar-credito-fiscal-por-mil-millones-de-pesos-353663.html\" target=\"_blank\" rel=\"noopener\"> Apro<\/a><br \/>\n<\/em>Un tribunal federal orden\u00f3 a <em>Grupo Elektra<\/em> pagar a Hacienda un cr\u00e9dito fiscal de aproximadamente 2 mil millones de pesos por concepto del ISR que adeuda desde el ejercicio 2010.<\/p>\n<p>El Segundo Tribunal Colegiado en materia Administrativa en la Ciudad de M\u00e9xico rechaz\u00f3, por unanimidad de votos, amparar a la empresa propiedad de <strong>Ricardo Salinas Pliego<\/strong> contra la orden del Tribunal Federal de Justicia Administrativa de pagar el cr\u00e9dito fiscal.<\/p>\n<p>\u201cLa Justicia de la Uni\u00f3n no ampara y protege\u201d, se\u00f1ala el fallo aprobado por los magistrados en el expediente 320\/2023.<\/p>\n<p>La empresa puede impugnar la sentencia a trav\u00e9s de un recurso de revisi\u00f3n que, en caso de presentarlo, tendr\u00e1 que ser resuelto por la <em>Suprema Corte de Justicia de la Naci\u00f3n (SCJN),<\/em> cuya integraci\u00f3n cambiar\u00e1 a partir del 1 de septiembre pr\u00f3ximo, por lo que es posible que el caso sea analizado por los nuevos ministros.<\/p>\n<p>Grupo Elektra intent\u00f3, de \u00faltimo momento, evitar que los magistrados dicten su resoluci\u00f3n en la sesi\u00f3n de este martes y present\u00f3, de \u00faltimo momento, diversos escritos de recusaci\u00f3n para que el caso fuera enviado a otro Tribunal Colegiado al considerar que los juzgadores no son imparciales.<\/p>\n<p>Sin embargo, los magistrados del Segundo Tribunal consideraron improcedente su petici\u00f3n.<\/p>\n<p>\u201cLo que pretende, en realidad, es demorar cuando en el expediente ya es cosa juzgada que no se actualiza ese impedimento\u201d, record\u00f3 el magistrado ponente Gustavo Roque Leyva durante la sesi\u00f3n.<\/p>\n<p>El pasado 19 de junio, el D\u00e9cimo Tribunal Colegiado en materia Administrativa tambi\u00e9n fall\u00f3 en contra de Grupo Elektra y le orden\u00f3 pagar un cr\u00e9dito fiscal por casi 2 mil millones de pesos correspondiente al ejercicio 2012.<\/p>\n<p><em>) acapulcopress.com<\/em><\/p>\n","protected":false},"excerpt":{"rendered":"<p>Un tribunal federal orden\u00f3 a Grupo Elektra, de Ricardo Salinas Pliego, presidente de TV Azteca, pagar a Hacienda un cr\u00e9dito fiscal de aproximadamente 2 mil millones de pesos por concepto del ISR que adeuda desde desde el ejercicio 2010.<\/p>\n","protected":false},"author":1,"featured_media":1258908,"comment_status":"closed","ping_status":"open","sticky":false,"template":"","format":"standard","meta":{"footnotes":""},"categories":[1972],"tags":[18539,15599,16935],"class_list":["post-41625","post","type-post","status-publish","format-standard","has-post-thumbnail","hentry","category-special","tag-grupo-elektra","tag-ricardo-salinas-pliego","tag-suprema-corte-de-justicia-de-la-nacion-scjn"],"_links":{"self":[{"href":"https:\/\/www.acapulcopress.com\/index.php\/wp-json\/wp\/v2\/posts\/41625","targetHints":{"allow":["GET"]}}],"collection":[{"href":"https:\/\/www.acapulcopress.com\/index.php\/wp-json\/wp\/v2\/posts"}],"about":[{"href":"https:\/\/www.acapulcopress.com\/index.php\/wp-json\/wp\/v2\/types\/post"}],"author":[{"embeddable":true,"href":"https:\/\/www.acapulcopress.com\/index.php\/wp-json\/wp\/v2\/users\/1"}],"replies":[{"embeddable":true,"href":"https:\/\/www.acapulcopress.com\/index.php\/wp-json\/wp\/v2\/comments?post=41625"}],"version-history":[{"count":5,"href":"https:\/\/www.acapulcopress.com\/index.php\/wp-json\/wp\/v2\/posts\/41625\/revisions"}],"predecessor-version":[{"id":41638,"href":"https:\/\/www.acapulcopress.com\/index.php\/wp-json\/wp\/v2\/posts\/41625\/revisions\/41638"}],"wp:featuredmedia":[{"embeddable":true,"href":"https:\/\/www.acapulcopress.com\/index.php\/wp-json\/wp\/v2\/media\/1258908"}],"wp:attachment":[{"href":"https:\/\/www.acapulcopress.com\/index.php\/wp-json\/wp\/v2\/media?parent=41625"}],"wp:term":[{"taxonomy":"category","embeddable":true,"href":"https:\/\/www.acapulcopress.com\/index.php\/wp-json\/wp\/v2\/categories?post=41625"},{"taxonomy":"post_tag","embeddable":true,"href":"https:\/\/www.acapulcopress.com\/index.php\/wp-json\/wp\/v2\/tags?post=41625"}],"curies":[{"name":"wp","href":"https:\/\/api.w.org\/{rel}","templated":true}]}}