{"id":41648,"date":"2025-06-25T18:16:40","date_gmt":"2025-06-26T00:16:40","guid":{"rendered":"https:\/\/www.acapulcopress.com\/?p=41648"},"modified":"2025-06-25T18:23:21","modified_gmt":"2025-06-26T00:23:21","slug":"contribuyen-erick-y-evelyn-a-la-cultura-de-prevencion-civil","status":"publish","type":"post","link":"https:\/\/www.acapulcopress.com\/index.php\/2025\/06\/25\/contribuyen-erick-y-evelyn-a-la-cultura-de-prevencion-civil\/","title":{"rendered":"Contribuyen Erick y Evelyn a la cultura de prevenci\u00f3n civil\u00a0"},"content":{"rendered":"<p>Marem\u00e1gnum<br \/>\n\u00bb <a href=\"https:\/\/www.facebook.com\/ricardocastill01\" target=\"_blank\" rel=\"noopener\"><strong>RICARDO<\/strong> | <strong>CASTILLO BARRIENTOS<\/strong><\/a><\/p>\n<p>Por primera vez en la historia de huracanes, ciclones, tormentas y depresiones tropicales, en Acapulco, en ambas costas y gran parte de la entidad, se han asumido medidas preventivas oficiales, -aunque no las suficientes- para atenuar los efectos devastadores de los imponentes fen\u00f3menos meteorol\u00f3gicos, m\u00e1s frecuentes y con mayor intensidad, dentro de la Escala Saffir-Simpson, con cinco categor\u00edas de acuerdo a la velocidad de los vientos.<\/p>\n<p>Despu\u00e9s de las tr\u00e1gicas experiencias de los huracanes <em>Otis<\/em> y <em>John<\/em>, el Gobierno del Estado puso en marcha protocolos de actuaci\u00f3n en materia de prevenci\u00f3n protecci\u00f3n civil, tendiente a contrarrestar el impacto del hurac\u00e1n <em>Erick<\/em>, en las zonas costeras, monta\u00f1osas y Centro, y causar\u00e1 el menor da\u00f1o. Estos protocolos continuar\u00e1n en lo sucesivo en temporadas de lluvias y huracanes.<\/p>\n<p>El Gobierno de la Rep\u00fablica se anticip\u00f3 con unidades m\u00f3viles de la Comisi\u00f3n Federal de Electricidad (<strong>CFE<\/strong>), para restablecer de inmediato el servicio de energ\u00eda el\u00e9ctrica; la Comisi\u00f3n Nacional del Agua (<strong>Conagua<\/strong>), se provey\u00f3 de plantas de agua potable; la <strong>Sedena<\/strong>, <strong>Marina<\/strong>\u00a0y <strong>Guardia Nacional<\/strong>, desplegaron m\u00e1s de cinco mil elementos para la operaci\u00f3n del <strong>Plan DN-III<\/strong> y <strong>Plan Marina<\/strong>, con alimentos b\u00e1sicos, colchonetas, cobijas, y la fuerza f\u00edsica de los elementos castrenses para la limpieza y ayuda en colonias, comunicades y caminos.<\/p>\n<p>Los da\u00f1os resultaron menores a los meteoros de 2024 y 2025, sin embargo, como ocurre siempre, resultaron afectadas las familias m\u00e1s vulnerables y humildes, que tienen sus casas con techumbre de l\u00e1minas o tejas, que por la fuerza de los vientos son desprendidas, irremediablemente.<\/p>\n<p>Hubo solo una v\u00edctima que lamentar, una bebita en San Marcos; sin medidas preventivas las p\u00e9rdidas de vidas ser\u00edan mayores y esto ya es un buen avance en la concientizaci\u00f3n ciudadana de auto protecci\u00f3n frente a estos siniestros.<\/p>\n<p>No debemos regatearle cr\u00e9ditos a la presidenta <strong>Claudia Sheinbaum<\/strong> y a la gobernadora <strong>Evelyn Salgado<\/strong>, por estar atentas e informando oportunamente sobre el curso y evoluci\u00f3n de <em>Erick<\/em>, hasta su degradaci\u00f3n y la intervenci\u00f3n inmediata de ayuda en la Costa Chica, siendo la regi\u00f3n m\u00e1s afectada.<\/p>\n<p>Como resultado de las tres \u00faltimas y desafortunadas experiencias, la gobernadora Salgado Pineda, dio a conocer que su administraci\u00f3n presentar\u00e1 en breve, un <strong>decreto<\/strong> ante el Congreso del Estado, donde se establecer\u00e1n protocolos de actuaci\u00f3n gubernamental y responsabilidad ciudadana ante fen\u00f3menos naturales, as\u00ed se establecer\u00eda una nueva y muy necesaria pol\u00edtica p\u00fablica en materia de <strong>prevenci\u00f3n y protecci\u00f3n civil<\/strong>, la cual se carec\u00eda.<\/p>\n<p>Este <strong>decreto<\/strong> ser\u00e1 un parteaguas a nivel nacional, en la implementaci\u00f3n y fortalecimiento de una cultura de prevenci\u00f3n civil, que vendr\u00eda a evitar desastres de gran dimensi\u00f3n como los ocurridos con antelaci\u00f3n en nuestro territorio y en otros sitios del pa\u00eds.<\/p>\n<p><strong>Marea Baja.-<\/strong> \u00a0Como gato boca arriba y por todos los medios, el PRD se niega a morir, despu\u00e9s de perder el registro nacional y no alcanzar el tres por ciento requerido por la ley electoral, en la pasada elecci\u00f3n.<\/p>\n<p>Los famosos \u201c<strong>Chuchos<\/strong>\u201d, se convirtieron en due\u00f1os de la franquicia, misma que llevaron al abismo por sus ambiciones pol\u00edticas, personales y de grupo.<\/p>\n<p>Aqu\u00ed en Guerrero obtuvieron 8.52% de la votaci\u00f3n, permiti\u00e9ndole el registro local, pero se avizora en las elecciones de 2027, que esa cifra disminuya y darse la estocada final.<\/p>\n<p>En v\u00eda de mientras, Evodio Vel\u00e1zquez, coordinador de los<strong> restos<\/strong> <strong>perredistas<\/strong>, se empe\u00f1a en exigir al <strong>IEPC<\/strong> le entregue suculentas prerrogativas, cuando el Tribunal Electoral ha considerado que no tienen derecho, por ser un partido local de reciente creaci\u00f3n, por lo tanto, tendr\u00e1n que esperar hasta la siguiente elecci\u00f3n a efecto conocer si mantiene el registro o su extinci\u00f3n.<\/p>\n<p><strong>Marea Alta.-<\/strong> Por tercera ocasi\u00f3n, el chef espa\u00f1ol Jos\u00e9 Andr\u00e9s, director <strong>de World Central Kitchen (WCK)<\/strong>, se apresur\u00f3 a venir nuevamente en nuestra ayuda, a causa de los da\u00f1os provocados por el hurac\u00e1n <em>Erick<\/em>, proporcionando comida caliente a centenares de paisanos, sin posibilidades de obtener alimentos, como lo hicieron con la instalaci\u00f3n de comedores en Acapulco, despu\u00e9s de <em>Otis<\/em> y <em>John<\/em>.<\/p>\n<p><strong>WCK<\/strong> es una organizaci\u00f3n no gubernamental de car\u00e1cter altruista, que hace presencia cuando ocurren desastres naturales o guerras, como en la Franja de Gaza, Hait\u00ed, Acapulco y ahora, la Costa Chica.<\/p>\n<p>En diversos pa\u00edses esta organizaci\u00f3n ha recibido reconocimientos y distinciones por su labor humanitaria, sin que ninguna autoridad de Acapulco y Guerrero, se hayan molestado en darles las gracias y menos un reconocimiento que a pulso lo tienen bien ganado.<\/p>\n<p><strong>Maremoto.-<\/strong> Resulta que algunos pol\u00edticos con poder y con recursos oficiales, muy pocos por cierto, est\u00e1n haciendo acto de presencia para llevar alg\u00fan tipo de ayuda a familias afectadas por el reciente hurac\u00e1n, entre otros, los senadores F\u00e9lix Salgado, Beatriz Mojica y la diputada federal Yoloczin Dom\u00ednguez, as\u00ed como, el dirigente de <strong>Morena<\/strong>, Jacinto Gonz\u00e1lez, quienes ni tardos ni perezosos incursionaron en territorios devastados como si fuera campa\u00f1a electoral.<\/p>\n<p>El senador pri\u00edsta Manuel A\u00f1orve, no podr\u00eda quedarse atr\u00e1s y exigir a las Secretar\u00edas de Hacienda y de Comunicaciones, autoricen un presupuesto emergente para la reparaci\u00f3n de carreteras y caminos, cuando en los hechos, han venido haciendo esa tarea por \u00f3rdenes de la presidenta Sheinbaum. Bueno, tratan de llevar agua a su molino pol\u00edtico por lo que viene, lo m\u00e1s importante para ellos.<br \/>\n<em>) acapulcopress.com<\/em><\/p>\n","protected":false},"excerpt":{"rendered":"<p>Marem\u00e1gnum | Por primera vez en la historia de huracanes, ciclones, tormentas y depresiones tropicales, en Acapulco, en ambas costas y <\/p>\n","protected":false},"author":1,"featured_media":41649,"comment_status":"closed","ping_status":"open","sticky":false,"template":"","format":"standard","meta":{"footnotes":""},"categories":[2071,1991],"tags":[12503,15575],"class_list":["post-41648","post","type-post","status-publish","format-standard","has-post-thumbnail","hentry","category-opinion-analisis-columnas","category-libertad-de-expresion","tag-maremagnum","tag-ricardo-castillo-barrientos"],"_links":{"self":[{"href":"https:\/\/www.acapulcopress.com\/index.php\/wp-json\/wp\/v2\/posts\/41648","targetHints":{"allow":["GET"]}}],"collection":[{"href":"https:\/\/www.acapulcopress.com\/index.php\/wp-json\/wp\/v2\/posts"}],"about":[{"href":"https:\/\/www.acapulcopress.com\/index.php\/wp-json\/wp\/v2\/types\/post"}],"author":[{"embeddable":true,"href":"https:\/\/www.acapulcopress.com\/index.php\/wp-json\/wp\/v2\/users\/1"}],"replies":[{"embeddable":true,"href":"https:\/\/www.acapulcopress.com\/index.php\/wp-json\/wp\/v2\/comments?post=41648"}],"version-history":[{"count":2,"href":"https:\/\/www.acapulcopress.com\/index.php\/wp-json\/wp\/v2\/posts\/41648\/revisions"}],"predecessor-version":[{"id":41651,"href":"https:\/\/www.acapulcopress.com\/index.php\/wp-json\/wp\/v2\/posts\/41648\/revisions\/41651"}],"wp:featuredmedia":[{"embeddable":true,"href":"https:\/\/www.acapulcopress.com\/index.php\/wp-json\/wp\/v2\/media\/41649"}],"wp:attachment":[{"href":"https:\/\/www.acapulcopress.com\/index.php\/wp-json\/wp\/v2\/media?parent=41648"}],"wp:term":[{"taxonomy":"category","embeddable":true,"href":"https:\/\/www.acapulcopress.com\/index.php\/wp-json\/wp\/v2\/categories?post=41648"},{"taxonomy":"post_tag","embeddable":true,"href":"https:\/\/www.acapulcopress.com\/index.php\/wp-json\/wp\/v2\/tags?post=41648"}],"curies":[{"name":"wp","href":"https:\/\/api.w.org\/{rel}","templated":true}]}}