{"id":41681,"date":"2025-06-26T18:56:31","date_gmt":"2025-06-27T00:56:31","guid":{"rendered":"https:\/\/www.acapulcopress.com\/?p=41681"},"modified":"2025-06-26T19:14:56","modified_gmt":"2025-06-27T01:14:56","slug":"la-justicia-no-debe-ser-un-privilegio-sino-un-derecho-efectivo-evelyn-salgado","status":"publish","type":"post","link":"https:\/\/www.acapulcopress.com\/index.php\/2025\/06\/26\/la-justicia-no-debe-ser-un-privilegio-sino-un-derecho-efectivo-evelyn-salgado\/","title":{"rendered":"La justicia no debe ser un privilegio, sino un derecho efectivo | Evelyn Salgado"},"content":{"rendered":"<p>CHILPANCINGO * 26 de junio 2025<br \/>\n<em>) Gobierno de Guerrero<\/em><br \/>\nAl conmemorar el 174 aniversario del Poder Judicial del Estado de Guerrero, la gobernadora<strong> Evelyn Salgado Pineda<\/strong> reconoci\u00f3 la <img loading=\"lazy\" decoding=\"async\" class=\"alignleft wp-image-41684 size-cmsmasters-square-thumb\" src=\"https:\/\/www.acapulcopress.com\/wp-content\/uploads\/2025\/06\/esp.justicia2-360x360.jpg\" alt=\"\" width=\"360\" height=\"360\" srcset=\"https:\/\/www.acapulcopress.com\/wp-content\/uploads\/2025\/06\/esp.justicia2-360x360.jpg 360w, https:\/\/www.acapulcopress.com\/wp-content\/uploads\/2025\/06\/esp.justicia2-150x150.jpg 150w, https:\/\/www.acapulcopress.com\/wp-content\/uploads\/2025\/06\/esp.justicia2-70x70.jpg 70w\" sizes=\"auto, (max-width: 360px) 100vw, 360px\" \/>transformaci\u00f3n de esta instituci\u00f3n ante los cambios que se han experimentado al reformarse y avanzar hacia una justicia m\u00e1s cercana, humana y eficaz, reafirmando su vocaci\u00f3n democr\u00e1tica.<\/p>\n<p>\u201cEste poder no levant\u00f3 muros; al contrario, supo abrirse, reflexionar, reformarse, transformarse con responsabilidad. Hoy, con esta nueva etapa, el Poder Judicial reafirma su compromiso con la ciudadan\u00eda, su compromiso con quienes lo reconocemos como garante de sus derechos, como un contrapeso institucional y como espacio donde la ley se aplica con absoluta dignidad, pero, sobre todo, con absoluta cercan\u00eda al pueblo guerrerense\u201d, afirm\u00f3 la mandataria estatal.<\/p>\n<p>Durante la ceremonia conmemorativa por el nacimiento constitucional del Poder Judicial, presidida por el presidente del Tribunal Superior de Justicia, Ricardo Salinas Sandoval, la titular del Poder Ejecutivo expres\u00f3 su reconocimiento a todas y todos quienes integran y dan vida a esta instituci\u00f3n, al tiempo de reiterar su respeto a la autonom\u00eda judicial y su voluntad de continuar fortaleciendo el trabajo conjunto entre poderes, en beneficio de las y los guerrerenses.<\/p>\n<p>La gobernadora Evelyn Salgado y los titulares del Poder Judicial, <strong>Ricardo Salinas Sandoval<\/strong>, y del Poder Legislativo, <strong>Jes\u00fas Parra Garc\u00eda<\/strong>, realizaron la entrega de reconocimientos al M\u00e9rito Judicial a magistradas, magistrados, juezas, jueces y personal jurisdiccional por <img loading=\"lazy\" decoding=\"async\" class=\"alignleft wp-image-41691 size-cmsmasters-square-thumb\" src=\"https:\/\/www.acapulcopress.com\/wp-content\/uploads\/2025\/06\/esp.justicia9-360x360.jpg\" alt=\"\" width=\"360\" height=\"360\" srcset=\"https:\/\/www.acapulcopress.com\/wp-content\/uploads\/2025\/06\/esp.justicia9-360x360.jpg 360w, https:\/\/www.acapulcopress.com\/wp-content\/uploads\/2025\/06\/esp.justicia9-150x150.jpg 150w, https:\/\/www.acapulcopress.com\/wp-content\/uploads\/2025\/06\/esp.justicia9-70x70.jpg 70w\" sizes=\"auto, (max-width: 360px) 100vw, 360px\" \/>m\u00e1s de 30 a\u00f1os de servicio a la justicia en Guerrero.<\/p>\n<p>La gobernadora expres\u00f3 su respaldo al magistrado Ricardo Salinas Sandoval, presidente del Tribunal Superior de Justicia, y reiter\u00f3 su absoluto respeto a la divisi\u00f3n de poderes, as\u00ed como su disposici\u00f3n para seguir trabajando de manera coordinada en favor de Guerrero.<\/p>\n<p>\u201cEn Guerrero, los poderes dialogamos con responsabilidad republicana. Coincidimos en que la justicia no debe ser un privilegio, sino un derecho efectivo; en la necesidad de un Poder Judicial que est\u00e9 al lado del pueblo, no por concesi\u00f3n, sino por vocaci\u00f3n. Es trabajar muchas veces en silencio para que la ley no sea una promesa vac\u00eda, sino una realidad concreta\u201d, expres\u00f3 la mandataria.<\/p>\n<p>Durante la sesi\u00f3n p\u00fablica y solemne de los plenos del Tribunal Superior de Justicia y del Consejo de la Judicatura, el titular del Poder Judicial, Ricardo Salinas Sandoval, destac\u00f3 el invaluable respaldo de la gobernadora Evelyn Salgado Pineda para fortalecer la impartici\u00f3n de justicia en Guerrero, cumpliendo con la responsabilidad constitucional. Sin embargo, reconoci\u00f3 que a\u00fan queda mucho trabajo por hacer.<\/p>\n<p>\u201cSeguimos trabajando por lograr un mejor escenario para la justicia en Guerrero; construimos, reconstruimos y reforzamos el andamiaje que facilite y garantice el efectivo acceso a la justicia\u201d, afirm\u00f3 el magistrado presidente durante este evento celebrado en el auditorio del Tribunal Superior de Justicia.<\/p>\n<p><img loading=\"lazy\" decoding=\"async\" class=\"alignleft size-full wp-image-41688\" src=\"https:\/\/www.acapulcopress.com\/wp-content\/uploads\/2025\/06\/esp.justicia6.jpg\" alt=\"\" width=\"1280\" height=\"853\" srcset=\"https:\/\/www.acapulcopress.com\/wp-content\/uploads\/2025\/06\/esp.justicia6.jpg 1280w, https:\/\/www.acapulcopress.com\/wp-content\/uploads\/2025\/06\/esp.justicia6-300x200.jpg 300w, https:\/\/www.acapulcopress.com\/wp-content\/uploads\/2025\/06\/esp.justicia6-1024x682.jpg 1024w, https:\/\/www.acapulcopress.com\/wp-content\/uploads\/2025\/06\/esp.justicia6-768x512.jpg 768w, https:\/\/www.acapulcopress.com\/wp-content\/uploads\/2025\/06\/esp.justicia6-580x387.jpg 580w, https:\/\/www.acapulcopress.com\/wp-content\/uploads\/2025\/06\/esp.justicia6-860x573.jpg 860w, https:\/\/www.acapulcopress.com\/wp-content\/uploads\/2025\/06\/esp.justicia6-1160x773.jpg 1160w\" sizes=\"auto, (max-width: 1280px) 100vw, 1280px\" \/><\/p>\n<p><em>) acapulcopress.com<\/em><\/p>\n","protected":false},"excerpt":{"rendered":"<p>CHILPANCINGO * 26 de junio 2025 ) Gobierno de Guerrero Al conmemorar el 174 aniversario del Poder Judicial del Estado de Guerrero, la gobernadora Evelyn Salgado Pineda reconoci\u00f3 la transformaci\u00f3n de esta instituci\u00f3n ante los cambios que se han experimentado al reformarse y avanzar hacia una justicia m\u00e1s cercana, humana y eficaz, reafirmando su vocaci\u00f3n&#8230;<\/p>\n","protected":false},"author":1,"featured_media":41685,"comment_status":"closed","ping_status":"open","sticky":false,"template":"","format":"standard","meta":{"footnotes":""},"categories":[1980,1983],"tags":[8251,10743,18548,15600],"class_list":["post-41681","post","type-post","status-publish","format-standard","has-post-thumbnail","hentry","category-goverment-2","category-guerrerogob","tag-evelyn-salgado-pineda","tag-jesus-parra-garcia","tag-poder-judicial-del-estado-de-guerrero","tag-ricardo-salinas-sandoval"],"_links":{"self":[{"href":"https:\/\/www.acapulcopress.com\/index.php\/wp-json\/wp\/v2\/posts\/41681","targetHints":{"allow":["GET"]}}],"collection":[{"href":"https:\/\/www.acapulcopress.com\/index.php\/wp-json\/wp\/v2\/posts"}],"about":[{"href":"https:\/\/www.acapulcopress.com\/index.php\/wp-json\/wp\/v2\/types\/post"}],"author":[{"embeddable":true,"href":"https:\/\/www.acapulcopress.com\/index.php\/wp-json\/wp\/v2\/users\/1"}],"replies":[{"embeddable":true,"href":"https:\/\/www.acapulcopress.com\/index.php\/wp-json\/wp\/v2\/comments?post=41681"}],"version-history":[{"count":2,"href":"https:\/\/www.acapulcopress.com\/index.php\/wp-json\/wp\/v2\/posts\/41681\/revisions"}],"predecessor-version":[{"id":41694,"href":"https:\/\/www.acapulcopress.com\/index.php\/wp-json\/wp\/v2\/posts\/41681\/revisions\/41694"}],"wp:featuredmedia":[{"embeddable":true,"href":"https:\/\/www.acapulcopress.com\/index.php\/wp-json\/wp\/v2\/media\/41685"}],"wp:attachment":[{"href":"https:\/\/www.acapulcopress.com\/index.php\/wp-json\/wp\/v2\/media?parent=41681"}],"wp:term":[{"taxonomy":"category","embeddable":true,"href":"https:\/\/www.acapulcopress.com\/index.php\/wp-json\/wp\/v2\/categories?post=41681"},{"taxonomy":"post_tag","embeddable":true,"href":"https:\/\/www.acapulcopress.com\/index.php\/wp-json\/wp\/v2\/tags?post=41681"}],"curies":[{"name":"wp","href":"https:\/\/api.w.org\/{rel}","templated":true}]}}