{"id":41702,"date":"2025-06-27T17:00:47","date_gmt":"2025-06-27T23:00:47","guid":{"rendered":"https:\/\/www.acapulcopress.com\/?p=41702"},"modified":"2025-06-27T17:02:53","modified_gmt":"2025-06-27T23:02:53","slug":"democratizacion-del-pais-con-la-nueva-reforma-electoral","status":"publish","type":"post","link":"https:\/\/www.acapulcopress.com\/index.php\/2025\/06\/27\/democratizacion-del-pais-con-la-nueva-reforma-electoral\/","title":{"rendered":"Democratizaci\u00f3n del pa\u00eds con la nueva Reforma Electoral"},"content":{"rendered":"<p><em>Marem\u00e1gnum<\/em><br \/>\n\u00bb <a href=\"https:\/\/www.facebook.com\/ricardocastill01\" target=\"_blank\" rel=\"noopener\"><strong>RICARDO<\/strong> | <strong>CASTILLO BARRIENTOS<\/strong><\/a><\/p>\n<p>Pronto, muy pronto, se aproxima una Reforma Electoral de gran calado, en el siguiente periodo ordinario de sesiones del Congreso de la Uni\u00f3n, en el mes de septiembre.<\/p>\n<p>Esta reforma se ven\u00eda postergando desde el r\u00e9gimen del presidente Andr\u00e9s Manuel L\u00f3pez Obrador y ser\u00e1 en el gobierno de la presidenta Claudia Sheinbaum cuando se haga realidad, a\u00fan con toda la contra ofensiva de los partidos de oposici\u00f3n.<\/p>\n<p>Despu\u00e9s de una larga espera y efectuarse las elecciones del Poder Judicial, la presidenta Sheinbaum hizo el anuncio en la conferencia ma\u00f1anera, respecto a la iniciativa que presentar\u00e1 ante los \u00f3rganos legislativos para actualizar la operatividad de Instituto Nacional Electoral (INE), en lo referente a la reducci\u00f3n de recursos del \u00f3rgano electoral y los partidos pol\u00edticos, as\u00ed como otras disposiciones sujetas a revisi\u00f3n, entre la que destacan la eliminaci\u00f3n de las candidaturas plurinominales.<\/p>\n<p>Los dirigentes de partidos pol\u00edticos de oposici\u00f3n, PAN, PRI, MC y los coaligados PT y PVEM, se opondr\u00e1n f\u00e9rreamente a la reforma, pues suprimir\u00eda las listas de aspirantes de las cinco circunscripciones electorales, donde aseguraban pase autom\u00e1tico los candidatos ubicados en los primeros lugares.<\/p>\n<p>En la inminente iniciativa, las candidaturas plurinominales ser\u00e1n sustituidas por las candidaturas de primera minor\u00eda en la C\u00e1mara de Diputados. En la C\u00e1mara de Senadores esta figura jur\u00eddica electoral se mantendr\u00eda vigente, a excepci\u00f3n de las listas plurinominales que han estado reservadas para los dirigentes partidistas nacionales.<\/p>\n<p>Con excepci\u00f3n del PAN y MORENA, los dem\u00e1s dirigentes pol\u00edticos se han apoderado por lustros de los cargos de elecci\u00f3n popular sin el menor recato, turn\u00e1ndose entre sus adl\u00e1teres esas posiciones sin esfuerzos territoriales de campa\u00f1as pol\u00edticas, en busca de los sufragios ciudadanos.<\/p>\n<p>Se espera una cruenta y decisiva batalla durante el proceso de an\u00e1lisis en los cuerpos legislativos, ante el temor de los usufructuarios de perder los privilegios que han venido gozando desde la Reforma Electoral de 1977, que instituy\u00f3 la representaci\u00f3n proporcional con los \u201ccandidatos de partido\u201d, conocidos ahora como \u201cplurinominales\u201d.<\/p>\n<p>Las elevadas prerrogativas otorgadas a los partidos, se ver\u00e1n afectadas en consideraci\u00f3n, as\u00ed como el cuantioso presupuesto del\u00a0 INE, lo que habr\u00e1 de generar una notable inconformidad debido a la disminuci\u00f3n de recursos, a los que han estado acostumbrados c\u00f3modamente.<\/p>\n<p>Un cap\u00edtulo aparte tendr\u00eda que examinarse exhaustivamente, concierne a las candidaturas independientes, las cuales han sufrido muchos obst\u00e1culos para participar en procesos electorales, haciendo nugatorio el derecho a votar y ser votado, por la infinidad de requisitos interpuestos por los propios partidos, que tienen un gran temor a resultar desplazados por candidatos ciudadanos.<\/p>\n<p>Esperemos se trate de la mejor Reforma Electoral para la democratizaci\u00f3n del pa\u00eds y sus procesos electorales; porque la actual ley no ha dejado a nadie plenamente satisfecho.<\/p>\n<p><strong>Marea Baja.-<\/strong> De traspi\u00e9s en traspi\u00e9s ha venido funcionando la C\u00e1mara de Diputados local, cuyos legisladores duermen el sue\u00f1o de los justos al aprobar tard\u00edamente reformas constitucionales impostergables, sin que logren reaccionar con destreza y oportunidad.<\/p>\n<p>Responsabilizan a los ayuntamientos de hacer caso omiso al no avalar diversas reformas, cuando el poder legislativo del estado tiene facultades suficientes para hacer cumplir las leyes respectivas.<\/p>\n<p>Por otro lado, hasta la fecha contin\u00faa inconclusa la construcci\u00f3n de la biblioteca, sin que se conozcan los motivos de la paralizaci\u00f3n de los trabajos, resaltando el claro desinter\u00e9s del coordinador de la JUCOPO, Jes\u00fas Uri\u00f3stegui Garc\u00eda.<\/p>\n<p><strong>Marea Alta.-<\/strong> La temporada de lluvias sigue su apogeo en varias regiones de la entidad, casando algunos da\u00f1os como deslaves, deslizamiento de rocas y obstrucci\u00f3n de caminos rurales.<\/p>\n<p>El Servicio Meteorol\u00f3gico Nacional de CONAGUA, prev\u00e9 para este fin de semana, el desarrollo de la tormenta tropical <em>Frossie<\/em> que podr\u00eda avanzar hacia las costas de Guerrero, por lo cual habr\u00eda que mantenerse en estado de alerta, con la misma estrategia que el Gobierno del Estado aplic\u00f3 con el hurac\u00e1n <em>Erick<\/em>, a fin de evitar p\u00e9rdidas humanas y materiales.<\/p>\n<p><strong>Maremoto.-<\/strong> Definitivamente la alcaldesa Abelina L\u00f3pez Rodr\u00edguez las trae toda consigo, solo ella sabe a cuantos santos se habr\u00e1 encomendado para que la Suprema Corte de Justicia de la Naci\u00f3n (SCJN), impidiera su destituci\u00f3n como primera edil de Acapulco.<\/p>\n<p>Abelina L\u00f3pez recibi\u00f3 medidas cautelares que impide sea sancionada y sujeta a un proceso de revocaci\u00f3n de mandato, como se preve\u00eda en el Congreso del Estado a iniciativa de la Auditoria Superior del Estado (ASE), por un supuesto desv\u00edo de 898 millones de pesos de recursos federales.<\/p>\n<p>Con esta decisi\u00f3n jur\u00eddica, la alcaldesa porte\u00f1a recobra mayores br\u00edos en su pretensi\u00f3n de alcanzar la candidatura de MORENA a la gubernatura, confiando en su suerte y destreza pol\u00edtica, en la conquista de su mayor objetivo de su trayectoria en cargos de elecci\u00f3n popular.<\/p>\n<p><em>) acapulcopress.com<\/em><\/p>\n","protected":false},"excerpt":{"rendered":"<p>Marem\u00e1gnum | Pronto, muy pronto, se aproxima una Reforma Electoral de gran calado, en el siguiente periodo ordinario del Congreso<\/p>\n","protected":false},"author":1,"featured_media":41703,"comment_status":"closed","ping_status":"open","sticky":false,"template":"","format":"standard","meta":{"footnotes":""},"categories":[2071,1991],"tags":[12503,15390,15575],"class_list":["post-41702","post","type-post","status-publish","format-standard","has-post-thumbnail","hentry","category-opinion-analisis-columnas","category-libertad-de-expresion","tag-maremagnum","tag-reforma-electoral","tag-ricardo-castillo-barrientos"],"_links":{"self":[{"href":"https:\/\/www.acapulcopress.com\/index.php\/wp-json\/wp\/v2\/posts\/41702","targetHints":{"allow":["GET"]}}],"collection":[{"href":"https:\/\/www.acapulcopress.com\/index.php\/wp-json\/wp\/v2\/posts"}],"about":[{"href":"https:\/\/www.acapulcopress.com\/index.php\/wp-json\/wp\/v2\/types\/post"}],"author":[{"embeddable":true,"href":"https:\/\/www.acapulcopress.com\/index.php\/wp-json\/wp\/v2\/users\/1"}],"replies":[{"embeddable":true,"href":"https:\/\/www.acapulcopress.com\/index.php\/wp-json\/wp\/v2\/comments?post=41702"}],"version-history":[{"count":3,"href":"https:\/\/www.acapulcopress.com\/index.php\/wp-json\/wp\/v2\/posts\/41702\/revisions"}],"predecessor-version":[{"id":41706,"href":"https:\/\/www.acapulcopress.com\/index.php\/wp-json\/wp\/v2\/posts\/41702\/revisions\/41706"}],"wp:featuredmedia":[{"embeddable":true,"href":"https:\/\/www.acapulcopress.com\/index.php\/wp-json\/wp\/v2\/media\/41703"}],"wp:attachment":[{"href":"https:\/\/www.acapulcopress.com\/index.php\/wp-json\/wp\/v2\/media?parent=41702"}],"wp:term":[{"taxonomy":"category","embeddable":true,"href":"https:\/\/www.acapulcopress.com\/index.php\/wp-json\/wp\/v2\/categories?post=41702"},{"taxonomy":"post_tag","embeddable":true,"href":"https:\/\/www.acapulcopress.com\/index.php\/wp-json\/wp\/v2\/tags?post=41702"}],"curies":[{"name":"wp","href":"https:\/\/api.w.org\/{rel}","templated":true}]}}