{"id":41707,"date":"2025-06-27T19:43:43","date_gmt":"2025-06-28T01:43:43","guid":{"rendered":"https:\/\/www.acapulcopress.com\/?p=41707"},"modified":"2025-06-27T20:00:38","modified_gmt":"2025-06-28T02:00:38","slug":"responsabilizan-al-cida-cjng-del-asesinato-de-piza-perez","status":"publish","type":"post","link":"https:\/\/www.acapulcopress.com\/index.php\/2025\/06\/27\/responsabilizan-al-cida-cjng-del-asesinato-de-piza-perez\/","title":{"rendered":"Responsabilizan al CIDA\/CJNG del asesinato de Piza P\u00e9rez"},"content":{"rendered":"<p>ACAPULCO * 27 de junio 2025<br \/>\n<em>) Redacci\u00f3n | Aps<br \/>\n<\/em>Al filo de las 07:42 horas de este viernes, sobre la avenida Ni\u00f1os H\u00e9roes de la colonia Progreso, fue abatido a balazos el secretario general de <img loading=\"lazy\" decoding=\"async\" class=\"alignleft wp-image-41717 size-cmsmasters-square-thumb\" src=\"https:\/\/www.acapulcopress.com\/wp-content\/uploads\/2025\/06\/humberto-piz-perez-sec-19-suspe-360x360.jpg\" alt=\"\" width=\"360\" height=\"360\" srcset=\"https:\/\/www.acapulcopress.com\/wp-content\/uploads\/2025\/06\/humberto-piz-perez-sec-19-suspe-360x360.jpg 360w, https:\/\/www.acapulcopress.com\/wp-content\/uploads\/2025\/06\/humberto-piz-perez-sec-19-suspe-150x150.jpg 150w, https:\/\/www.acapulcopress.com\/wp-content\/uploads\/2025\/06\/humberto-piz-perez-sec-19-suspe-70x70.jpg 70w\" sizes=\"auto, (max-width: 360px) 100vw, 360px\" \/>la Secci\u00f3n XIX del SUSPEG, <strong>Humberto Piza P\u00e9rez<\/strong>, uno de los l\u00edderes sindicales m\u00e1s apreciado por la base trabajadora de Saneamiento B\u00e1sico y agremiados por su liderazgo, sus logros y honestidad y transparencia con que se desempe\u00f1\u00f3, lo que lo hizo repetir en el cargo em varias ocasiones.<\/p>\n<p>En redes sociales, la p\u00e1gina especializada en notas de corte pol\u00edciaco <a href=\"https:\/\/www.facebook.com\/share\/p\/15XNXqcN5i\/\" target=\"_blank\" rel=\"noopener\"><em>Acapulco te Necesita<\/em><\/a>, asegura que los ejecutores pertecen al <em>C\u00e1rtel Independiente de Acapulco (CIDA),<\/em> c\u00e9lula criminal aliada del <em>Cartel Jalisco Nueva Generaci\u00f3n (CJNG)<\/em>; inclusive, ilustra la publicaci\u00f3n sobre el homicidio de Piza con im\u00e1genes de algunos integrantes del grupo en cuesti\u00f3n.<\/p>\n<p>Dicha p\u00e1gina public\u00f3 a las las 08:43 de la ma\u00f1ana, la siguiente nota <em>(sic):<\/em><\/p>\n<p><em>\u00abAmanece EL VIERNES VIOL3NTO<span class=\"html-span xexx8yu xyri2b x18d9i69 x1c1uobl x1hl2dhg x16tdsg8 x1vvkbs x3nfvp2 x1j61x8r x1fcty0u xdj266r xat24cr xm2jcoa x1mpyi22 xxymvpz xlup9mm x1kky2od\"><img loading=\"lazy\" decoding=\"async\" class=\"xz74otr x15mokao x1ga7v0g x16uus16 xbiv7yw\" src=\"https:\/\/static.xx.fbcdn.net\/images\/emoji.php\/v9\/t77\/1\/16\/203c.png\" alt=\"\u203c\ufe0f\" width=\"16\" height=\"16\" \/> <\/span>Nuevamente El c@rtel del independiente de Acapulco quien mantiene una alianza con El CJ%NG at@can a persona en la PROGRES\u00d3 Donde mantienen una guerra por el control de la Zona. 2 Personas del sexo masculino atacadas por @rma de Fuego quien solo uno perdi\u00f3 la vida el l\u00edder sindical dela <span class=\"html-span xdj266r x14z9mp xat24cr x1lziwak xexx8yu xyri2b x18d9i69 x1c1uobl x1hl2dhg x16tdsg8 x1vvkbs\"><a class=\"x1i10hfl xjbqb8w x1ejq31n x18oe1m7 x1sy0etr xstzfhl x972fbf x10w94by x1qhh985 x14e42zd x9f619 x1ypdohk xt0psk2 xe8uvvx xdj266r x14z9mp xat24cr x1lziwak xexx8yu xyri2b x18d9i69 x1c1uobl x16tdsg8 x1hl2dhg xggy1nq x1a2a7pz xkrqix3 x1sur9pj x1fey0fg x1s688f\" tabindex=\"0\" role=\"link\" href=\"https:\/\/www.facebook.com\/hashtag\/seccionxix?__eep__=6&amp;__cft__[0]=AZVbk7-sXamqPwEwFqqsDdKdeCJ0BMtBMZIn4Y_suMDAtRVT1Z2zPdewfP1__eb-62rlzfFbDkrJcqd4k_ss7CSGW6a98LtUuvUG0ZGBOneR5B46SBwuxAjeIy3bMlCo_G2FXTbQvWzDqxp3-3-FnJNj4kXqzZ8bhI2F4jatrYSzAy9-VSRl_5YkP76oZvuuk6xL-Th_8lptLUCLo_tpDCzh&amp;__tn__=*NK-R\">#seccionXIX<\/a><\/span> HUMBERTO PIZA P\u00c9REZ en La colonia Progreso . <span class=\"html-span xdj266r x14z9mp xat24cr x1lziwak xexx8yu xyri2b x18d9i69 x1c1uobl x1hl2dhg x16tdsg8 x1vvkbs\"><a class=\"x1i10hfl xjbqb8w x1ejq31n x18oe1m7 x1sy0etr xstzfhl x972fbf x10w94by x1qhh985 x14e42zd x9f619 x1ypdohk xt0psk2 xe8uvvx xdj266r x14z9mp xat24cr x1lziwak xexx8yu xyri2b x18d9i69 x1c1uobl x16tdsg8 x1hl2dhg xggy1nq x1a2a7pz xkrqix3 x1sur9pj x1fey0fg x1s688f\" tabindex=\"0\" role=\"link\" href=\"https:\/\/www.facebook.com\/hashtag\/acapulco?__eep__=6&amp;__cft__[0]=AZVbk7-sXamqPwEwFqqsDdKdeCJ0BMtBMZIn4Y_suMDAtRVT1Z2zPdewfP1__eb-62rlzfFbDkrJcqd4k_ss7CSGW6a98LtUuvUG0ZGBOneR5B46SBwuxAjeIy3bMlCo_G2FXTbQvWzDqxp3-3-FnJNj4kXqzZ8bhI2F4jatrYSzAy9-VSRl_5YkP76oZvuuk6xL-Th_8lptLUCLo_tpDCzh&amp;__tn__=*NK-R\">#Acapulco<\/a><\/span> en Ni\u00f1os H\u00e9roes, esquina con plantel del Instituto M\u00e9xico, en colonia\u00bb.<\/em><\/p>\n<div class=\"x14z9mp xat24cr x1lziwak x1vvkbs xtlvy1s x126k92a\">\n<div dir=\"auto\"><em><span class=\"html-span xdj266r x14z9mp xat24cr x1lziwak xexx8yu xyri2b x18d9i69 x1c1uobl x1hl2dhg x16tdsg8 x1vvkbs\"><span class=\"xt0psk2\"><span class=\"xjp7ctv\">Luego, tras eqtiquetar a la <\/span><\/span><span class=\"xt0psk2\"><span class=\"xjp7ctv\">Fiscal\u00eda General del Estado de Guerrero y a<strong>\u00a0<\/strong><\/span><\/span><\/span><span class=\"html-span xdj266r x14z9mp xat24cr x1lziwak xexx8yu xyri2b x18d9i69 x1c1uobl x1hl2dhg x16tdsg8 x1vvkbs\"><span class=\"xt0psk2\"><span class=\"xjp7ctv\"><strong>Omar Garc\u00eda Harfuch<\/strong>, secretario federal de Seguridad P\u00fablica, la publicaci\u00f3n a\u00f1ade: \u00ab<\/span><\/span><\/span>Hasta cuando se va permitir que estas personas sigan @sesinando Gente inocente. Grillo no te hagas chaquetas mentales que todos apollan a los Rus@s Otro inocente A TU CUENTA\u00bb.<\/em><\/div>\n<\/div>\n<p>En la ejecuci\u00f3n del l\u00edder sindical, tambi\u00e9n result\u00f3 herido su escolta que operaba el veh\u00edculo <em>Chevrolet Aveo<\/em> color oro.\u00a0 Versiones extraoficiales asguran que el herido, identificado como<strong> Rafael Magall\u00f3n<\/strong>, fue trasladado por param\u00e9dicos de la <em>Cruz Roja<\/em> a un hospital, donde presuntamente tambi\u00e9n perdi\u00f3 la vida.<\/p>\n<p>Testigos oculares de los hechos no lograron identificar a los agresores, quienes huyeron r\u00e1pidamente de la escena, pero aseguran que escucharon cinco detonaciones, lo que ocasion\u00f3 que el chofer y escolta de Piza perdiera el control de la unidad y se fuera a estampar contra la pared de un instituci\u00f3n de educaci\u00f3n privada, llev\u00e1ndose a su paso un motociclista que circulaba en sentido opuesto, el cual no sufri\u00f3 lesiones graves.<\/p>\n<p>Al lugar de los hechos arribaron elementos de la polic\u00eda estatal y param\u00e9dicos, as\u00ed como la <em>Guardia Nacional, Marina, Polic\u00eda Ministerial<\/em> y <em>Polic\u00eda Preventiva <\/em>municipal, para acordonar la zona del crimen.<\/p>\n<p>Humberto Piza P\u00e9rez es el segundo dirigente de esa organizaci\u00f3n sindicial que muere en condiciones violentas, y el tercero que sufre un atentado de esta \u00edndole.<\/p>\n<p>El 6 de diciembre del 2013, <a href=\"https:\/\/www.zonacentronoticias.com\/2013\/12\/asesinan-a-lider-de-burocratas-de-la-seccion-19-en-acapulco\/\" target=\"_blank\" rel=\"noopener\"><strong>Fernando V\u00e1zquez Busto<\/strong><\/a>, de 52 a\u00f1os de edad, fue asesinado a las 08:00 horas al salir de su casa, ubicada en <img loading=\"lazy\" decoding=\"async\" class=\"alignleft size-full wp-image-41712\" src=\"https:\/\/www.acapulcopress.com\/wp-content\/uploads\/2025\/06\/FERNANDO-VAZQUEZ.jpg\" alt=\"\" width=\"478\" height=\"324\" srcset=\"https:\/\/www.acapulcopress.com\/wp-content\/uploads\/2025\/06\/FERNANDO-VAZQUEZ.jpg 478w, https:\/\/www.acapulcopress.com\/wp-content\/uploads\/2025\/06\/FERNANDO-VAZQUEZ-300x203.jpg 300w\" sizes=\"auto, (max-width: 478px) 100vw, 478px\" \/>la colonia Postal. Hombres armados lo ultimaron a bordo del veh\u00edculo que conduc\u00eda, un Jetta color blanco. Sobre su cad\u00e1ver fue dejada una cartulina con un mensaje. Se presum\u00eda que V\u00e1zquez Bustos manten\u00eda asociaci\u00f3n con personas de mala reputaci\u00f3n, adem\u00e1s de que los trabajadores de Saneamiento B\u00e1sico y agremiados a esa organizaci\u00f3n sindical se quejaban de malos tratos, soberbia y despotismo. Muchos fueron los se\u00f1alador por su muerte, pero jam\u00e1s se logr\u00f3 esclarecer qui\u00e9nes fueron los autores de su crimen.<\/p>\n<p>El 20 de enero del 2022, <a href=\"https:\/\/guerrero.quadratin.com.mx\/atacan-a-balazos-a-lider-sindical-del-ayuntamiento-de-acapulco\/\" target=\"_blank\" rel=\"noopener\"><strong>Mario Alonso Quevedo<\/strong><\/a>, mientras era acompa\u00f1ero de su secretaria particular, <strong>M\u00edriam Hern\u00e1ndez<\/strong>, y uno de sus alelgados del mismo sindicato, <strong>Alfredo Memije<\/strong>, el exsecretario general de la Secci\u00f3n 19 del <em>Sindicato \u00danico de Servidores P\u00fablicos del Estado de Guerrero (SUSPEG),<\/em> fue atacado a balazos , a es0 de las 13 horas, sobre las calles Revoluci\u00f3n, de la colonia Miguel Alem\u00e1n, y la calzada Pie de la Cuesta. Los tres tripulantes del veh\u00edculo operado por Mario Alonso quedaro heridos y fueron\u00a0trasladados por sus propios medios a hospitales cercanos.<\/p>\n<p>En el caso de Piza P\u00e9rez, quienel 15 de agosto del 2015 sufri\u00f3 la p\u00e9rdida de su hijo (<a href=\"https:\/\/suracapulco.mx\/archivoelsur\/archivos\/297734\" target=\"_blank\" rel=\"noopener\"><strong>Raymundo Piza Ortiz<\/strong><\/a>) en condiciones parecidas, cuando tres hombres armados le dispararon a quemarropa en una de las oficinal del Ayuntamiento de la ex Zona Militar ubicada atr\u00e1s del <em>Fuerte de San Diego<\/em>, su cuerpo fue remitido al <em>Servivio M\u00e9dico Forense (Semefo)<\/em> para las diligencias correspondientes. El autom\u00f3vil y la motocicleta fueron remolcados a las oficinas regionales de la Fiscal\u00eda Regional.<\/p>\n<p>\u00abExpreso mis m\u00e1s sinceras condolencias a la familia de mi amigo y compa\u00f1ero suspegista, el Mtro. Humberto Piza P\u00e9rez, Secretario General de la Secci\u00f3n XIX del H. Ayuntamiento de Acapulco de Ju\u00e1rez, Gro., quien lamentablemente perdiera la vida la ma\u00f1ana de este viernes 27 de junio\u00bb, escirbi\u00f3 en su p\u00e1gina de Facebook Adela Hern\u00e1ndez Angelito, secretaria general del SUSPEG en el estado.<\/p>\n<p><img loading=\"lazy\" decoding=\"async\" class=\"alignnone wp-image-41711 size-full\" src=\"https:\/\/www.acapulcopress.com\/wp-content\/uploads\/2025\/06\/piza-perez3.jpg\" alt=\"\" width=\"1600\" height=\"905\" srcset=\"https:\/\/www.acapulcopress.com\/wp-content\/uploads\/2025\/06\/piza-perez3.jpg 1600w, https:\/\/www.acapulcopress.com\/wp-content\/uploads\/2025\/06\/piza-perez3-300x170.jpg 300w, https:\/\/www.acapulcopress.com\/wp-content\/uploads\/2025\/06\/piza-perez3-1024x579.jpg 1024w, https:\/\/www.acapulcopress.com\/wp-content\/uploads\/2025\/06\/piza-perez3-768x434.jpg 768w, https:\/\/www.acapulcopress.com\/wp-content\/uploads\/2025\/06\/piza-perez3-1536x869.jpg 1536w, https:\/\/www.acapulcopress.com\/wp-content\/uploads\/2025\/06\/piza-perez3-580x328.jpg 580w, https:\/\/www.acapulcopress.com\/wp-content\/uploads\/2025\/06\/piza-perez3-860x486.jpg 860w, https:\/\/www.acapulcopress.com\/wp-content\/uploads\/2025\/06\/piza-perez3-1160x656.jpg 1160w, https:\/\/www.acapulcopress.com\/wp-content\/uploads\/2025\/06\/piza-perez3-1320x747.jpg 1320w\" sizes=\"auto, (max-width: 1600px) 100vw, 1600px\" \/><\/p>\n<p><em><img loading=\"lazy\" decoding=\"async\" class=\"alignnone wp-image-41716 size-full\" src=\"https:\/\/www.acapulcopress.com\/wp-content\/uploads\/2025\/06\/ESPOSA-DE-BETO.jpg\" alt=\"\" width=\"1600\" height=\"1200\" srcset=\"https:\/\/www.acapulcopress.com\/wp-content\/uploads\/2025\/06\/ESPOSA-DE-BETO.jpg 1600w, https:\/\/www.acapulcopress.com\/wp-content\/uploads\/2025\/06\/ESPOSA-DE-BETO-300x225.jpg 300w, https:\/\/www.acapulcopress.com\/wp-content\/uploads\/2025\/06\/ESPOSA-DE-BETO-1024x768.jpg 1024w, https:\/\/www.acapulcopress.com\/wp-content\/uploads\/2025\/06\/ESPOSA-DE-BETO-768x576.jpg 768w, https:\/\/www.acapulcopress.com\/wp-content\/uploads\/2025\/06\/ESPOSA-DE-BETO-1536x1152.jpg 1536w, https:\/\/www.acapulcopress.com\/wp-content\/uploads\/2025\/06\/ESPOSA-DE-BETO-580x435.jpg 580w, https:\/\/www.acapulcopress.com\/wp-content\/uploads\/2025\/06\/ESPOSA-DE-BETO-860x645.jpg 860w, https:\/\/www.acapulcopress.com\/wp-content\/uploads\/2025\/06\/ESPOSA-DE-BETO-1160x870.jpg 1160w, https:\/\/www.acapulcopress.com\/wp-content\/uploads\/2025\/06\/ESPOSA-DE-BETO-1320x990.jpg 1320w\" sizes=\"auto, (max-width: 1600px) 100vw, 1600px\" \/><\/em><\/p>\n<p>) acapulcopress.com<\/p>\n","protected":false},"excerpt":{"rendered":"<p>Al las 07:42 horas de este viernes, fue abatido a balazos el secretario general de la Secci\u00f3n XIX del SUSPEG, Humberto Piza P\u00e9rez,<\/p>\n","protected":false},"author":1,"featured_media":41708,"comment_status":"closed","ping_status":"open","sticky":false,"template":"","format":"standard","meta":{"footnotes":""},"categories":[2005,2082],"tags":[5312,5314,18552,9968,12667,13940,18550,18551,16948],"class_list":["post-41707","post","type-post","status-publish","format-standard","has-post-thumbnail","hentry","category-seguridad-y-justicia","category-seguridad-publica","tag-cartel-independiente-de-acapulco-cida","tag-cartel-jalisco-nueva-generacion-cjng","tag-fernando-vazquez-busto","tag-humberto-piza-perez","tag-mario-alonso-quevedo","tag-omar-garcia-harfuch","tag-rafael-magallon","tag-servivio-medico-forense-semefo","tag-suspeg"],"_links":{"self":[{"href":"https:\/\/www.acapulcopress.com\/index.php\/wp-json\/wp\/v2\/posts\/41707","targetHints":{"allow":["GET"]}}],"collection":[{"href":"https:\/\/www.acapulcopress.com\/index.php\/wp-json\/wp\/v2\/posts"}],"about":[{"href":"https:\/\/www.acapulcopress.com\/index.php\/wp-json\/wp\/v2\/types\/post"}],"author":[{"embeddable":true,"href":"https:\/\/www.acapulcopress.com\/index.php\/wp-json\/wp\/v2\/users\/1"}],"replies":[{"embeddable":true,"href":"https:\/\/www.acapulcopress.com\/index.php\/wp-json\/wp\/v2\/comments?post=41707"}],"version-history":[{"count":6,"href":"https:\/\/www.acapulcopress.com\/index.php\/wp-json\/wp\/v2\/posts\/41707\/revisions"}],"predecessor-version":[{"id":41721,"href":"https:\/\/www.acapulcopress.com\/index.php\/wp-json\/wp\/v2\/posts\/41707\/revisions\/41721"}],"wp:featuredmedia":[{"embeddable":true,"href":"https:\/\/www.acapulcopress.com\/index.php\/wp-json\/wp\/v2\/media\/41708"}],"wp:attachment":[{"href":"https:\/\/www.acapulcopress.com\/index.php\/wp-json\/wp\/v2\/media?parent=41707"}],"wp:term":[{"taxonomy":"category","embeddable":true,"href":"https:\/\/www.acapulcopress.com\/index.php\/wp-json\/wp\/v2\/categories?post=41707"},{"taxonomy":"post_tag","embeddable":true,"href":"https:\/\/www.acapulcopress.com\/index.php\/wp-json\/wp\/v2\/tags?post=41707"}],"curies":[{"name":"wp","href":"https:\/\/api.w.org\/{rel}","templated":true}]}}