{"id":41722,"date":"2025-06-27T21:55:37","date_gmt":"2025-06-28T03:55:37","guid":{"rendered":"https:\/\/www.acapulcopress.com\/?p=41722"},"modified":"2025-06-28T06:55:38","modified_gmt":"2025-06-28T12:55:38","slug":"niegan-a-abelina-peticion-de-amparo-para-protegerse-de-la-justicia","status":"publish","type":"post","link":"https:\/\/www.acapulcopress.com\/index.php\/2025\/06\/27\/niegan-a-abelina-peticion-de-amparo-para-protegerse-de-la-justicia\/","title":{"rendered":"Niegan a Abelina petici\u00f3n de amparo para protegerse de la justicia"},"content":{"rendered":"<p>CHILPANCINGO * 27 de junio 2025<br \/>\n<em>) Redacci\u00f3n | Aps<\/em><br \/>\nJusto cuando la S<em>uprema Corte de Justicia de la Naci\u00f3n<\/em> (SCJN) le hab\u00eda otorgado un blindaje temporal para no se ser requerida por la justicia, y justo cuando en redes sociales cacareaba haber demostrado su inocencia, honestidad y transparencia, el Juzgado Primero de Distrito neg\u00f3 ayer jueves a la presidenta municipal del Ayuntamiento de Acapulco, <strong>Abelina L\u00f3pez Rodr\u00edguez<\/strong>, el juicio de amparo que promovi\u00f3 \u00abcontra actos del <em>Tribunal de Justicia Administrativa del Estado de Guerrero (TJA)\u00bb<\/em>.<\/p>\n<p>Con dicha acci\u00f3n, la alcaldesa morenista buscaba frenar los efectos de una resoluci\u00f3n emitida por dicho tribunal para que aclare el destino de\u00a0 <strong>898 millones 633 mil 463 pesos<\/strong> que el<em> Fondo de Aportaciones para la Infraestructura Social Municipal (FAIS)<\/em> le hizo entrega en el Ejercicio Fiscal 2023 no como apoyo para la reconstrucci\u00f3n de Acapulco, como han vinculado err\u00f3neamente algunos medios nacionales ese dinero con el hurac\u00e1n<em> Otis<\/em>, sino para \u00abobras y acciones\u00bb a favor de Acapulco y los acapulque\u00f1os en los rubros de \u00ab<strong>agua potable<\/strong>, <strong>drenaje y letrinas<\/strong>, <strong>infraestructura b\u00e1sica del sector educativo<\/strong>, <strong>vivienda, urbanizaci\u00f3n<\/strong>\u00bb y el \u00ab<strong>Prodim<\/strong>\u00ab, entre otras cosas.<\/p>\n<p>El <em>Prodim<\/em> \u00abes un <em>Programa de Desarrollo Institucional Municipal<\/em> que busca fortalecer las capacidades de gesti\u00f3n de los gobiernos locales en M\u00e9xico. Este programa se enfoca en la mejora de la gesti\u00f3n municipal, a trav\u00e9s de la capacitaci\u00f3n, profesionalizaci\u00f3n y asistencia t\u00e9cnica a funcionarios municipales. El objetivo principal es lograr administraciones municipales m\u00e1s s\u00f3lidas, funcionales y eficientes, capaces de responder a las necesidades de la ciudadan\u00eda.\u00a0 El <em>Prodim<\/em> se aplica en los municipios y demarcaciones territoriales, y se implementa a trav\u00e9s de convenios entre el gobierno federal, el gobierno estatal y el gobierno municipal o demarcaci\u00f3n territorial. Los recursos del <em>Prodim<\/em> se destinan a proyectos que buscan fortalecer las capacidades de gesti\u00f3n en \u00e1reas como la jur\u00eddica, organizacional y operativa. Adem\u00e1s, se relaciona con el<em> Fondo de Aportaciones para la Infraestructura Social Municipal (FAIS)<\/em> y se utilizan para complementar el gasto corriente de los municipios, como la contrataci\u00f3n de personal o la compra de equipamiento\u00bb.<\/p>\n<p>\u00abEn resumen, el <em>Prodim<\/em> es una iniciativa clave para el desarrollo institucional de los gobiernos locales en M\u00e9xico, promoviendo la mejora continua de la gesti\u00f3n p\u00fablica municipal\u00bb, especifica el gobierno federal sobre este programa en su p\u00e1gina oficial.<\/p>\n<p>En audiencia p\u00fablica celebrada el jueves, en seguimiento a la promoci\u00f3n del juicio de amparo indirecto 302\/2005-2, presentada por <strong>Abelina L\u00f3pez Rodr\u00edguez<\/strong> \u00abcontra actos del Pleno de la <em>Sala Superior<\/em> del<em> Tribunal de Justicia Administrativa del Estado de Guerrero<\/em> (TJAGro)\u00bb, la jueza primero de Distrito del Estado de Guerrero, <strong>Maribel Castillo Moreno<\/strong>, dictamin\u00f3 negar la \u00absuspensi\u00f3n definitiva solicitada por (la alcaldesa de Acapulco)\u00bb, porque \u201chacerlo implicar\u00eda paralizar el procedimiento de origen\u00bb, y porque seg\u00fan el art\u00edculo 150 de <em>la Ley de Amparo,<\/em> uno de los requisitos para hacer v\u00e1lida una petici\u00f3n como la hecha por Abelina L\u00f3pez es que \u00ab<strong>no (se) impida la continuaci\u00f3n del procedimiento en el asunto que haya motivado el acto reclamado<\/strong>\u00ab, en este caso, el esclarecimiento de la aplicaci\u00f3n de los 898 millones de pesos que Abelina L\u00f3pez se niega y resiste aclarar.<\/p>\n<p>La resoluci\u00f3n judicial, que consta de diez p\u00e1ginas, subraya que \u201cconceder esa medida cautelar (el amparo) implicar\u00eda un beneficio anticipado que dejar\u00eda sin materia el juicio de fondo\u201d, por lo que la solicitud se consider\u00f3 improcedente.<\/p>\n<p>Seg\u00fan los hechos, Abelina L\u00f3pez no hecho obra p\u00fablica de impacto desde que asumi\u00f3 la presidencia de Acapulco en 2021. Y aunque cuando fue reelecta en 2024 prometi\u00f3 resarcir algunas promesas incumplidas en su primer trienio, tampoco existe obra alguna, ni acciones sociales, que justifiquen 898 millones de pesos, pues en Acapulco se sigue careciendo de servicios tan vitales como el agua potable, la recolecci\u00f3n de basura, el drenaje sigue colapsado por falta de mantenimiento de las plantas tratadoras de aguas residuales y la red hidrosanitaria de la ciudad, que como consecuencia contamina las playas y la bah\u00eda.<\/p>\n<p>Durante la contingencia del hurac\u00e1n <em>Otis,<\/em> la alcaldesa se mostr\u00f3 ap\u00e1tica a socorrer a la poblaci\u00f3n. Las redes sociales dan fe de que, inclusive, quiso cobrar por la ayuda solicitada. Adem\u00e1s, del dominio p\u00fablico ha quedado que el gobierno federal fue quien carg\u00f3 con todos los gastos de la reconstrucci\u00f3n de Acapulco y la ayuda humanitaria requerida, pues la alcaldesa simplemente \u00abbrill\u00f3 por su ausencia\u00bb. Inclusive, fue v\u00edctima de memes de \u201cb\u00fasqueda\u201d por ese hecho.<\/p>\n<p>Se aclara que este fallo que invalida el amparo solicitado por Abelina L\u00f3pez para evadir cualquier acci\u00f3n o sanci\u00f3n relacionada con los 898 millones de pesos que se niega a justificar, pretextando persecuci\u00f3n pol\u00edtica y que la autoridad que la requiere no es competente para tales requerimientos, no determina si la alcaldesa en cuesti\u00f3n tiene o no la raz\u00f3n, \u00fanicamente implica que el proceso legal continuar\u00e1 sin frenar los efectos de la resoluci\u00f3n administrativa cuestionada.<\/p>\n<p>La resoluci\u00f3n emitida el jueves 26 de junio, a las 09:35 horas, la firma electr\u00f3nicamente <strong>Maribel Castillo Moreno<\/strong>. Juez Primero de Distrito en el Estado de Guerrero.<\/p>\n<p><img loading=\"lazy\" decoding=\"async\" class=\"alignleft size-full wp-image-41723\" src=\"https:\/\/www.acapulcopress.com\/wp-content\/uploads\/2025\/06\/RESOLUCION-VS-ABELINA-LOPEZ_page-0008.jpg\" alt=\"\" width=\"1273\" height=\"1642\" srcset=\"https:\/\/www.acapulcopress.com\/wp-content\/uploads\/2025\/06\/RESOLUCION-VS-ABELINA-LOPEZ_page-0008.jpg 1273w, https:\/\/www.acapulcopress.com\/wp-content\/uploads\/2025\/06\/RESOLUCION-VS-ABELINA-LOPEZ_page-0008-233x300.jpg 233w, https:\/\/www.acapulcopress.com\/wp-content\/uploads\/2025\/06\/RESOLUCION-VS-ABELINA-LOPEZ_page-0008-794x1024.jpg 794w, https:\/\/www.acapulcopress.com\/wp-content\/uploads\/2025\/06\/RESOLUCION-VS-ABELINA-LOPEZ_page-0008-768x991.jpg 768w, https:\/\/www.acapulcopress.com\/wp-content\/uploads\/2025\/06\/RESOLUCION-VS-ABELINA-LOPEZ_page-0008-1191x1536.jpg 1191w, https:\/\/www.acapulcopress.com\/wp-content\/uploads\/2025\/06\/RESOLUCION-VS-ABELINA-LOPEZ_page-0008-580x748.jpg 580w, https:\/\/www.acapulcopress.com\/wp-content\/uploads\/2025\/06\/RESOLUCION-VS-ABELINA-LOPEZ_page-0008-860x1109.jpg 860w, https:\/\/www.acapulcopress.com\/wp-content\/uploads\/2025\/06\/RESOLUCION-VS-ABELINA-LOPEZ_page-0008-1160x1496.jpg 1160w\" sizes=\"auto, (max-width: 1273px) 100vw, 1273px\" \/><\/p>\n<p><em>) acapulcopress.com<\/em><\/p>\n","protected":false},"excerpt":{"rendered":"<p>CHILPANCINGO * 27 de junio 2025 ) Redacci\u00f3n | Aps Justo cuando la Suprema Corte de Justicia de la Naci\u00f3n (SCJN) le hab\u00eda otorgado un blindaje temporal para no se ser requerida por la justicia, y justo cuando en redes sociales cacareaba haber demostrado su inocencia, honestidad y transparencia, el Juzgado Primero de Distrito neg\u00f3&#8230;<\/p>\n","protected":false},"author":1,"featured_media":41724,"comment_status":"closed","ping_status":"open","sticky":false,"template":"","format":"standard","meta":{"footnotes":""},"categories":[1997],"tags":[3077,18555,18556,18554,18553],"class_list":["post-41722","post","type-post","status-publish","format-standard","has-post-thumbnail","hentry","category-noticias-destacadas","tag-abelina-lopez-rodriguez","tag-fondo-de-aportaciones-para-la-infraestructura-social-municipal-fais","tag-maribel-castillo-moreno","tag-programa-de-desarrollo-institucional-municipal-prodim","tag-tribunal-de-justicia-administrativa-del-estado-de-guerrero-tja"],"_links":{"self":[{"href":"https:\/\/www.acapulcopress.com\/index.php\/wp-json\/wp\/v2\/posts\/41722","targetHints":{"allow":["GET"]}}],"collection":[{"href":"https:\/\/www.acapulcopress.com\/index.php\/wp-json\/wp\/v2\/posts"}],"about":[{"href":"https:\/\/www.acapulcopress.com\/index.php\/wp-json\/wp\/v2\/types\/post"}],"author":[{"embeddable":true,"href":"https:\/\/www.acapulcopress.com\/index.php\/wp-json\/wp\/v2\/users\/1"}],"replies":[{"embeddable":true,"href":"https:\/\/www.acapulcopress.com\/index.php\/wp-json\/wp\/v2\/comments?post=41722"}],"version-history":[{"count":3,"href":"https:\/\/www.acapulcopress.com\/index.php\/wp-json\/wp\/v2\/posts\/41722\/revisions"}],"predecessor-version":[{"id":41728,"href":"https:\/\/www.acapulcopress.com\/index.php\/wp-json\/wp\/v2\/posts\/41722\/revisions\/41728"}],"wp:featuredmedia":[{"embeddable":true,"href":"https:\/\/www.acapulcopress.com\/index.php\/wp-json\/wp\/v2\/media\/41724"}],"wp:attachment":[{"href":"https:\/\/www.acapulcopress.com\/index.php\/wp-json\/wp\/v2\/media?parent=41722"}],"wp:term":[{"taxonomy":"category","embeddable":true,"href":"https:\/\/www.acapulcopress.com\/index.php\/wp-json\/wp\/v2\/categories?post=41722"},{"taxonomy":"post_tag","embeddable":true,"href":"https:\/\/www.acapulcopress.com\/index.php\/wp-json\/wp\/v2\/tags?post=41722"}],"curies":[{"name":"wp","href":"https:\/\/api.w.org\/{rel}","templated":true}]}}