{"id":41729,"date":"2025-06-27T07:24:58","date_gmt":"2025-06-27T13:24:58","guid":{"rendered":"https:\/\/www.acapulcopress.com\/?p=41729"},"modified":"2025-06-28T08:00:11","modified_gmt":"2025-06-28T14:00:11","slug":"convocan-diputados-a-jovenes-a-realizar-sus-propuestas-e-inquietudes","status":"publish","type":"post","link":"https:\/\/www.acapulcopress.com\/index.php\/2025\/06\/27\/convocan-diputados-a-jovenes-a-realizar-sus-propuestas-e-inquietudes\/","title":{"rendered":"Convocan diputados a j\u00f3venes a realizar sus propuestas e inquietudes"},"content":{"rendered":"<p>CHILPANCINGO * 28 de junio 2025<br \/>\n) <em>LXVI legislatura | Guerrero<\/em><br \/>\nDiputados integrantes de la LXIV Legislatura, al dar la bienvenida a las y los integrantes del XVII Parlamento Estudiantil \u201cLos y las Adolescentes y la Cultura de la Legalidad\u201d, los convocaron a realizar sus propuestas, ideas e inquietudes con libertad, ya que ser\u00e1n tomadas en cuenta para mejorar las leyes en beneficio de la sociedad guerrerense.<\/p>\n<p>En el recinto parlamentario los diputados <strong>Jes\u00fas Parra Garc\u00eda<\/strong>, <strong>Jes\u00fas Uri\u00f3stegui Garc\u00eda<\/strong>, <strong>P\u00e1nfilo S\u00e1nchez Almaz\u00e1n<\/strong>, presidentes de la Mesa Directiva, de la Junta de Coordinaci\u00f3n Pol\u00edtica y de la Comisi\u00f3n de Educaci\u00f3n, Ciencia y Tecnolog\u00eda del Congreso del Estado, respectivamente, acompa\u00f1ados del secretario de Educaci\u00f3n en Guerrero, Ricardo Castillo Pe\u00f1a, dieron la bienvenida a las y los 46 integrantes de dicho Parlamento, que representan a las ocho regiones del Estado.<br \/>\nInici\u00f3 con su mensaje el diputado Jes\u00fas Parra Garc\u00eda, quien resalt\u00f3 la importancia de so\u00f1ar en grande y prepararse para enaltecer a sus regiones, respondiendo as\u00ed al esfuerzo y apoyo de sus padres.<\/p>\n<p>Se\u00f1al\u00f3 que el XVII Parlamento Estudiantil es un espacio en el que podr\u00e1n expresar libremente sus ideas sobre la realidad de Guerrero y sus municipios, y afirm\u00f3 que las propuestas presentadas ser\u00e1n retomadas por las diputadas y diputados con el objetivo de que puedan traducirse en futuras iniciativas y leyes.<\/p>\n<p>El diputado Jes\u00fas Uri\u00f3stegui Garc\u00eda resalt\u00f3 que este ejercicio representa la democracia y la voz del pueblo, ya que no se trata de un acto simb\u00f3lico sino de una semilla real para exponer ideas y propuestas en favor de Guerrero y de M\u00e9xico, al ser ellos el presente y el futuro para lograr una transformaci\u00f3n a trav\u00e9s del arte y la educaci\u00f3n. Por ello, reconoci\u00f3 la valent\u00eda de las y los participantes por luchar por sus sue\u00f1os, llenos de valores.<\/p>\n<p>Reiter\u00f3 que el Congreso del Estado trabajar\u00e1 para que sus propuestas se conviertan en leyes, con el objetivo de seguir coadyuvando a construir un mejor Estado donde la pol\u00edtica sea una herramienta para transformar vidas y la legalidad est\u00e9 al servicio del pueblo.<\/p>\n<p>En su mensaje el diputado P\u00e1nfilo S\u00e1nchez Almaz\u00e1n, dijo que la presencia de las y los j\u00f3venes en el recinto parlamentario representa el poder de la juventud para proponer transformar y construir un mejor futuro, porque se\u00f1al\u00f3 que el pa\u00eds vive una \u00e9poca compleja con desigualdad, violencia, cambio clim\u00e1tico y desinformaci\u00f3n, pero que tambi\u00e9n se vive un tiempo d\u00f3nde las y los j\u00f3venes han demostrado tener conciencia e ideas claras y un fuerte sentido de justicia social.<br \/>\nDijo que este ejercicio democr\u00e1tico no es un acto simb\u00f3lico, sino un espacio leg\u00edtimo donde sus propuestas ser\u00e1n tomadas en cuenta para inspirar verdaderos cambios a las leyes, por eso los convoc\u00f3 a hablar con libertad y defender sus ideas para contribuir a mejorar las condiciones de Guerrero.<\/p>\n<p>\u201cLa participaci\u00f3n de las y los j\u00f3venes es importante para tener una mejor sociedad participativa, pero sobre todo, consciente de que todos somos parte de nuestro entorno, estoy convencido de que la legalidad, la educaci\u00f3n y la participaci\u00f3n juvenil deben ir de la mano, nuestro reto como sociedad es construir un nuevo pacto generacional, donde tengan un lugar real en la toma de decisiones y donde su voz no solo se escuche, sino que sea tomada en cuenta\u201d, apunt\u00f3.<\/p>\n<p>El secretario de Educaci\u00f3n en Guerrero, Ricardo Castillo Pe\u00f1a, celebr\u00f3 la realizaci\u00f3n del XVII Parlamento Estudiantil, destac\u00f3 que la participaci\u00f3n de las y los j\u00f3venes fortalece la democracia y contribuye a la construcci\u00f3n de una sociedad m\u00e1s justa y equitativa basada en la cultura de la legalidad, el respeto y la justicia desde el \u00e1mbito escolar, los hogares, las comunidades y el entorno digital.<\/p>\n<p>Asimismo, reiter\u00f3 el compromiso de la Secretar\u00eda de Educaci\u00f3n con la transformaci\u00f3n de Guerrero y reconoci\u00f3 a la LXIV Legislatura, a los funcionarios, organizadores y docentes por hacer posible el Parlamento Estudiantil 2025.<\/p>\n<p>En la sesi\u00f3n tambi\u00e9n estuvieron presentes las diputadas Gladys Cort\u00e9s Genchi y Mar\u00eda Irene Montiel Serv\u00edn y el diputado Juan Valenzo Villanueva, adem\u00e1s de Rafael Ram\u00edrez Avil\u00e9s, Director General de Secundarias y Ana Otilia Gallardo Molina, jefa del Departamento de Telesecundarias T\u00e9cnicas, ambos de la Secretar\u00eda de Educaci\u00f3n Guerrero.<\/p>\n<p>) acapulcopress.com<\/p>\n","protected":false},"excerpt":{"rendered":"<p>CHILPANCINGO * 28 de junio 2025 ) LXVI legislatura | Guerrero Diputados integrantes de la LXIV Legislatura, al dar la bienvenida a las y los integrantes del XVII Parlamento Estudiantil \u201cLos y las Adolescentes y la Cultura de la Legalidad\u201d, los convocaron a realizar sus propuestas, ideas e inquietudes con libertad, ya que ser\u00e1n tomadas&#8230;<\/p>\n","protected":false},"author":1,"featured_media":41730,"comment_status":"closed","ping_status":"open","sticky":false,"template":"","format":"standard","meta":{"footnotes":""},"categories":[2037,61],"tags":[10743,10759,18372,64],"class_list":["post-41729","post","type-post","status-publish","format-standard","has-post-thumbnail","hentry","category-congreso-de-guerrero","category-legislacion","tag-jesus-parra-garcia","tag-jesus-uriostegui-garcia","tag-lxvi-legislatura-guerrero","tag-panfilo-sanchez-almazan"],"_links":{"self":[{"href":"https:\/\/www.acapulcopress.com\/index.php\/wp-json\/wp\/v2\/posts\/41729","targetHints":{"allow":["GET"]}}],"collection":[{"href":"https:\/\/www.acapulcopress.com\/index.php\/wp-json\/wp\/v2\/posts"}],"about":[{"href":"https:\/\/www.acapulcopress.com\/index.php\/wp-json\/wp\/v2\/types\/post"}],"author":[{"embeddable":true,"href":"https:\/\/www.acapulcopress.com\/index.php\/wp-json\/wp\/v2\/users\/1"}],"replies":[{"embeddable":true,"href":"https:\/\/www.acapulcopress.com\/index.php\/wp-json\/wp\/v2\/comments?post=41729"}],"version-history":[{"count":1,"href":"https:\/\/www.acapulcopress.com\/index.php\/wp-json\/wp\/v2\/posts\/41729\/revisions"}],"predecessor-version":[{"id":41731,"href":"https:\/\/www.acapulcopress.com\/index.php\/wp-json\/wp\/v2\/posts\/41729\/revisions\/41731"}],"wp:featuredmedia":[{"embeddable":true,"href":"https:\/\/www.acapulcopress.com\/index.php\/wp-json\/wp\/v2\/media\/41730"}],"wp:attachment":[{"href":"https:\/\/www.acapulcopress.com\/index.php\/wp-json\/wp\/v2\/media?parent=41729"}],"wp:term":[{"taxonomy":"category","embeddable":true,"href":"https:\/\/www.acapulcopress.com\/index.php\/wp-json\/wp\/v2\/categories?post=41729"},{"taxonomy":"post_tag","embeddable":true,"href":"https:\/\/www.acapulcopress.com\/index.php\/wp-json\/wp\/v2\/tags?post=41729"}],"curies":[{"name":"wp","href":"https:\/\/api.w.org\/{rel}","templated":true}]}}