{"id":11012,"count":1,"description":"","link":"https:\/\/www.acapulcopress.com\/index.php\/tag\/jose-encarnacion-alfaro-cazares\/","name":"Jos\u00e9 Encarnaci\u00f3n Alfaro C\u00e1zares","slug":"jose-encarnacion-alfaro-cazares","taxonomy":"post_tag","meta":[],"_links":{"self":[{"href":"https:\/\/www.acapulcopress.com\/index.php\/wp-json\/wp\/v2\/tags\/11012","targetHints":{"allow":["GET"]}}],"collection":[{"href":"https:\/\/www.acapulcopress.com\/index.php\/wp-json\/wp\/v2\/tags"}],"about":[{"href":"https:\/\/www.acapulcopress.com\/index.php\/wp-json\/wp\/v2\/taxonomies\/post_tag"}],"wp:post_type":[{"href":"https:\/\/www.acapulcopress.com\/index.php\/wp-json\/wp\/v2\/posts?tags=11012"}],"curies":[{"name":"wp","href":"https:\/\/api.w.org\/{rel}","templated":true}]}}