{"id":16901,"count":3,"description":"","link":"https:\/\/www.acapulcopress.com\/index.php\/tag\/subsecretaria-de-prevencion-y-promocion-de-la-salud\/","name":"Subsecretar\u00eda de Prevenci\u00f3n y Promoci\u00f3n de la Salud","slug":"subsecretaria-de-prevencion-y-promocion-de-la-salud","taxonomy":"post_tag","meta":[],"_links":{"self":[{"href":"https:\/\/www.acapulcopress.com\/index.php\/wp-json\/wp\/v2\/tags\/16901","targetHints":{"allow":["GET"]}}],"collection":[{"href":"https:\/\/www.acapulcopress.com\/index.php\/wp-json\/wp\/v2\/tags"}],"about":[{"href":"https:\/\/www.acapulcopress.com\/index.php\/wp-json\/wp\/v2\/taxonomies\/post_tag"}],"wp:post_type":[{"href":"https:\/\/www.acapulcopress.com\/index.php\/wp-json\/wp\/v2\/posts?tags=16901"}],"curies":[{"name":"wp","href":"https:\/\/api.w.org\/{rel}","templated":true}]}}