{"id":3022,"count":1,"description":"","link":"https:\/\/www.acapulcopress.com\/index.php\/tag\/500-anos-de-resistencia-indigena-en-mexico\/","name":"500 A\u00f1os de Resistencia Ind\u00edgena en M\u00e9xico","slug":"500-anos-de-resistencia-indigena-en-mexico","taxonomy":"post_tag","meta":[],"_links":{"self":[{"href":"https:\/\/www.acapulcopress.com\/index.php\/wp-json\/wp\/v2\/tags\/3022","targetHints":{"allow":["GET"]}}],"collection":[{"href":"https:\/\/www.acapulcopress.com\/index.php\/wp-json\/wp\/v2\/tags"}],"about":[{"href":"https:\/\/www.acapulcopress.com\/index.php\/wp-json\/wp\/v2\/taxonomies\/post_tag"}],"wp:post_type":[{"href":"https:\/\/www.acapulcopress.com\/index.php\/wp-json\/wp\/v2\/posts?tags=3022"}],"curies":[{"name":"wp","href":"https:\/\/api.w.org\/{rel}","templated":true}]}}