{"id":3665,"count":1,"description":"","link":"https:\/\/www.acapulcopress.com\/index.php\/tag\/alianza-de-paises-de-america-latina-y-el-caribe-contra-la-inflacion\/","name":"Alianza de Pa\u00edses de Am\u00e9rica Latina y el Caribe contra la Inflaci\u00f3n","slug":"alianza-de-paises-de-america-latina-y-el-caribe-contra-la-inflacion","taxonomy":"post_tag","meta":[],"_links":{"self":[{"href":"https:\/\/www.acapulcopress.com\/index.php\/wp-json\/wp\/v2\/tags\/3665","targetHints":{"allow":["GET"]}}],"collection":[{"href":"https:\/\/www.acapulcopress.com\/index.php\/wp-json\/wp\/v2\/tags"}],"about":[{"href":"https:\/\/www.acapulcopress.com\/index.php\/wp-json\/wp\/v2\/taxonomies\/post_tag"}],"wp:post_type":[{"href":"https:\/\/www.acapulcopress.com\/index.php\/wp-json\/wp\/v2\/posts?tags=3665"}],"curies":[{"name":"wp","href":"https:\/\/api.w.org\/{rel}","templated":true}]}}