{"id":5526,"count":1,"description":"","link":"https:\/\/www.acapulcopress.com\/index.php\/tag\/centro-de-rehabilitacion-e-inclusion-infantil-teleton-crit\/","name":"Centro de Rehabilitaci\u00f3n e Inclusi\u00f3n Infantil Telet\u00f3n (CRIT)","slug":"centro-de-rehabilitacion-e-inclusion-infantil-teleton-crit","taxonomy":"post_tag","meta":[],"_links":{"self":[{"href":"https:\/\/www.acapulcopress.com\/index.php\/wp-json\/wp\/v2\/tags\/5526","targetHints":{"allow":["GET"]}}],"collection":[{"href":"https:\/\/www.acapulcopress.com\/index.php\/wp-json\/wp\/v2\/tags"}],"about":[{"href":"https:\/\/www.acapulcopress.com\/index.php\/wp-json\/wp\/v2\/taxonomies\/post_tag"}],"wp:post_type":[{"href":"https:\/\/www.acapulcopress.com\/index.php\/wp-json\/wp\/v2\/posts?tags=5526"}],"curies":[{"name":"wp","href":"https:\/\/api.w.org\/{rel}","templated":true}]}}