{"id":6332,"count":2,"description":"","link":"https:\/\/www.acapulcopress.com\/index.php\/tag\/confederacion-autonoma-de-trabajadores-y-empleados-de-mexico-catem\/","name":"Confederaci\u00f3n Aut\u00f3noma de Trabajadores y Empleados de M\u00e9xico (CATEM)","slug":"confederacion-autonoma-de-trabajadores-y-empleados-de-mexico-catem","taxonomy":"post_tag","meta":[],"_links":{"self":[{"href":"https:\/\/www.acapulcopress.com\/index.php\/wp-json\/wp\/v2\/tags\/6332","targetHints":{"allow":["GET"]}}],"collection":[{"href":"https:\/\/www.acapulcopress.com\/index.php\/wp-json\/wp\/v2\/tags"}],"about":[{"href":"https:\/\/www.acapulcopress.com\/index.php\/wp-json\/wp\/v2\/taxonomies\/post_tag"}],"wp:post_type":[{"href":"https:\/\/www.acapulcopress.com\/index.php\/wp-json\/wp\/v2\/posts?tags=6332"}],"curies":[{"name":"wp","href":"https:\/\/api.w.org\/{rel}","templated":true}]}}