{"id":6405,"count":1,"description":"","link":"https:\/\/www.acapulcopress.com\/index.php\/tag\/consejeria-juridica-de-la-presidencia-de-la-republica\/","name":"Consejer\u00eda Jur\u00eddica de la Presidencia de la Rep\u00fablica","slug":"consejeria-juridica-de-la-presidencia-de-la-republica","taxonomy":"post_tag","meta":[],"_links":{"self":[{"href":"https:\/\/www.acapulcopress.com\/index.php\/wp-json\/wp\/v2\/tags\/6405","targetHints":{"allow":["GET"]}}],"collection":[{"href":"https:\/\/www.acapulcopress.com\/index.php\/wp-json\/wp\/v2\/tags"}],"about":[{"href":"https:\/\/www.acapulcopress.com\/index.php\/wp-json\/wp\/v2\/taxonomies\/post_tag"}],"wp:post_type":[{"href":"https:\/\/www.acapulcopress.com\/index.php\/wp-json\/wp\/v2\/posts?tags=6405"}],"curies":[{"name":"wp","href":"https:\/\/api.w.org\/{rel}","templated":true}]}}